{"id":511,"date":"2013-04-15T19:08:20","date_gmt":"2013-04-15T18:08:20","guid":{"rendered":"http:\/\/aktualitycz.cz\/?p=511"},"modified":"2019-03-23T18:52:39","modified_gmt":"2019-03-23T17:52:39","slug":"stavebni-veletrh-for-arch","status":"publish","type":"post","link":"https:\/\/e-zena.cz\/?p=511","title":{"rendered":"Stavebn\u00ed veletrh FOR ARCH"},"content":{"rendered":"<h2><strong>T\u00e9matem leto\u0161n\u00edho stavebn\u00edho veletrhu FOR ARCH jsou \u201erekonstrukce a revitalizace\u201c.<\/strong><\/h2>\n<p><a href=\"https:\/\/aktualitycz.cz\/wp-content\/uploads\/2013\/04\/FOR-ARCH-2013.jpg\"><img loading=\"lazy\" decoding=\"async\" class=\"alignnone wp-image-512\" src=\"https:\/\/aktualitycz.cz\/wp-content\/uploads\/2013\/04\/FOR-ARCH-2013-300x95.jpg\" alt=\"FOR ARCH 2013\" width=\"300\" height=\"95\" \/><\/a><\/p>\n<p>P\u0159\u00edpravy nejnav\u0161t\u011bvovan\u011bj\u0161\u00ed ud\u00e1losti ve stavebnictv\u00ed v \u010cR, veletrhu FOR ARCH, jedou na plno. Br\u00e1ny PVA EXPO PRAHA se sice otev\u0159ou a\u017e 17. 9. 2013, ale ji\u017e nyn\u00ed organiz\u00e1to\u0159i prozrazuj\u00ed z\u00e1sadn\u00ed informace o programu akce. 24. ro\u010dn\u00edk mezin\u00e1rodn\u00edho stavebn\u00edho veletrhu se letos zam\u011b\u0159\u00ed na aktu\u00e1ln\u00ed t\u00e9ma rekonstrukce a revitalizace budov. Soub\u011b\u017en\u011b prob\u011bhnou tak\u00e9 veletrhy FOR THERM, FOR WOOD, BAZ\u00c9NY,SAUNY&amp;SPA a FOR WASTE.<\/p>\n<h2><strong>Rekonstrukce od A do Z &#8211; od st\u0159echy po rozvody<\/strong><\/h2>\n<p>Sou\u010d\u00e1st\u00ed doprovodn\u00e9ho programu veletrhu bude konference \u201eRekonstrukce a revitalizace\u201c, na kter\u00e9 se pod\u00edlej\u00ed v\u0161ichni hlavn\u00ed odborn\u00ed partne\u0159i akce: St\u00e1tn\u00ed fond \u017eivotn\u00edho prost\u0159ed\u00ed \u010cR, St\u00e1tn\u00ed fond rozvoje bydlen\u00ed, Svaz podnikatel\u016f ve stavebnictv\u00ed v \u010cR a \u010cesk\u00e1 komora autorizovan\u00fdch in\u017een\u00fdr\u016f a technik\u016f \u010dinn\u00fdch ve v\u00fdstavb\u011b. Z\u00e1jemci na veletrhu nap\u0159. zjist\u00ed, jak nejl\u00e9pe postupovat p\u0159i v\u00fdm\u011bn\u011b ploch\u00fdch i \u0161ikm\u00fdch st\u0159ech, sedlov\u00fdch st\u0159ech a zhotoven\u00ed nadstavby. Uv\u00edtaj\u00ed rady, jak na rekonstrukci oken, dve\u0159\u00ed \u010di opravu balkon\u016f a lod\u017ei\u00ed. V souvislosti s rostouc\u00edmi n\u00e1klady na energie budou majitele nemovitost\u00ed jist\u011b zaj\u00edmat technologie pro zateplen\u00ed budov a informace o st\u00e1tn\u00edch dotac\u00edch na rekonstrukce.<\/p>\n<h2><strong>FOR ARCH poprv\u00e9 v nov\u00fdch v\u00fdstavn\u00edch hal\u00e1ch<\/strong><\/h2>\n<p>Od lo\u0148sk\u00e9ho podzimu jsou v are\u00e1lu PVA EXPO PRAHA v provozu nov\u00e9 v\u00fdstavn\u00ed haly. Tato novinka se letos poprv\u00e9 dotkne tak\u00e9 veletrhu FOR ARCH. V\u00fdrazn\u011b se tak zv\u00fd\u0161\u00ed komfort pro n\u00e1v\u0161t\u011bvn\u00edky i kvalita z\u00e1zem\u00ed pro vystavuj\u00edc\u00ed firmy. Are\u00e1l PVA EXPO PRAHA vloni b\u011bhem p\u011bti veletr\u017en\u00edch dn\u00ed nav\u0161t\u00edvilo t\u00e9m\u011b\u0159 70 000 lid\u00ed, akce se tak stala opakovan\u011b nejnav\u0161t\u011bvovan\u011bj\u0161\u00ed ud\u00e1lost\u00ed ve stavebnictv\u00ed v \u010cR. Po\u010det vystavuj\u00edc\u00edch firem se vloni oproti roku 2011 zv\u00fd\u0161il o 7 % a tento pozitivn\u00ed trend se o\u010dek\u00e1v\u00e1 tak\u00e9 letos.<\/p>\n<h2><strong>Nab\u00eddka soub\u011b\u017en\u00fdch veletrh\u016f<\/strong><\/h2>\n<p>Sou\u010dasn\u011b prob\u011bhnou v Let\u0148anech tak\u00e9 veletrhy FOR THERM, FOR WOOD, Baz\u00e9ny, Sauny &amp; SPA a FOR WASTE. Sv\u00fdm zam\u011b\u0159en\u00edm koresponduj\u00ed a dopln\u00ed hlavn\u00ed t\u00e9ma FOR ARCHu. FOR THERM sezn\u00e1m\u00ed n\u00e1v\u0161t\u011bvn\u00edky s aktu\u00e1ln\u00ed nab\u00eddkou tepeln\u00fdch \u010derpadel. Veletrh FOR WOOD se zam\u011b\u0159\u00ed na masivn\u00ed d\u0159evostavby, nap\u0159. sruby, roubenky a vrstven\u00e9 masivn\u00ed d\u0159evo. Motto 8. veletrhu nakl\u00e1d\u00e1n\u00ed s odpady, recyklace, \u010di\u0161t\u011bn\u00ed a ekologie FOR WASTE 2013 zn\u00ed: \u201eRecyklac\u00ed k surovin\u00e1m budoucnosti\u201c.<\/p>\n<p>B\u011bhem FOR ARCHu prob\u011bhne tak\u00e9 fin\u00e1le 17. ro\u010dn\u00edku sout\u011b\u017en\u00ed p\u0159ehl\u00eddky stavebn\u00edch \u0159emesel SUSO.<\/p>\n","protected":false},"excerpt":{"rendered":"<p>T\u00e9matem leto\u0161n\u00edho stavebn\u00edho veletrhu FOR ARCH jsou \u201erekonstrukce a revitalizace\u201c. P\u0159\u00edpravy nejnav\u0161t\u011bvovan\u011bj\u0161\u00ed ud\u00e1losti ve stavebnictv\u00ed v \u010cR, veletrhu FOR ARCH, jedou na plno. Br\u00e1ny PVA EXPO PRAHA se sice otev\u0159ou a\u017e 17. 9. 2013, ale ji\u017e nyn\u00ed organiz\u00e1to\u0159i prozrazuj\u00ed z\u00e1sadn\u00ed informace o programu akce. 24. ro\u010dn\u00edk mezin\u00e1rodn\u00edho stavebn\u00edho veletrhu se letos zam\u011b\u0159\u00ed na aktu\u00e1ln\u00ed t\u00e9ma [&hellip;]<\/p>\n","protected":false},"author":7,"featured_media":17927,"comment_status":"open","ping_status":"open","sticky":false,"template":"","format":"standard","meta":{"_sitemap_exclude":false,"_sitemap_priority":"","_sitemap_frequency":"","tdm_status":"","tdm_grid_status":"","footnotes":""},"categories":[3],"tags":[626,384,627,676,677,616,615,617,517,518,519,10,599,678,679,664,666,663,665,628,629,630,23,659,588,586,510,511,613,612,614,574,642,643,645,644,619,521,680,565,398,640,641,600,602,681,601,604,603,526,527,528,671,673,669,670,667,668,682,50,683,607,609,608,655,656,657,658,620,621,618,631,632,633,397,592,634,635,636,377,537,557,556,378,564,684,639,646,648,647,573,478,509,652,653,654,672,674,675,524,525,605,606,563,479,566,567,568,685,649,651,650,533,534,535,575,576,577,579,580,581,637,638,582,583,385,399,562,539,396,560,561,538,520,624,625,379,559,558,622,623,522,523,572,571,569,570,412,584,585,593,594,595,686,661,662,687,660,590,591,589,688,541,543,540,542,169,610,611,550,515,551,552,491,382,546,544,545,549,547,548,197,359,530,481,532,529,531,553,596,587,536,555,554,597,598,578],"class_list":["post-511","post","type-post","status-publish","format-standard","has-post-thumbnail","category-bydleni","tag-40-plus","tag-40plus","tag-40plus-cz","tag-aazdravi","tag-air-bank","tag-aktiv-life","tag-aktivlife","tag-aktivlife-cz","tag-aktualita","tag-aktuality","tag-aktuality24","tag-aktualitycz","tag-aktualne-zpravy","tag-andrie","tag-autoforum","tag-az-hobby","tag-az-hobby-cz","tag-azhobby","tag-azhobby-cz","tag-brilante","tag-brilante-cz","tag-brillante","tag-bydleni-2","tag-bydleni-cz","tag-centrum-zpravy-cz","tag-centrumzpravy","tag-cesky-magazin","tag-cesky-vecernik","tag-cesky-magazin-cz","tag-ceskymagazin","tag-ceskymagazin-cz","tag-ceskyvecernik-cz","tag-citaty","tag-citaty-motta","tag-citaty-motta-cz","tag-citatymotta","tag-clanky","tag-daukce","tag-denik","tag-dolni-morava","tag-e-zena","tag-ekompetence","tag-ekompetence-cz","tag-epocha","tag-epocha-magazin","tag-epochalni-svet","tag-epochamagazin","tag-epochamagazin-cz","tag-epochaplus","tag-ezena","tag-ezeny","tag-ezeny-sk","tag-finance","tag-finance-magazin","tag-finlist","tag-finlist-cz","tag-finmag","tag-finmag-cz","tag-flowee","tag-for-arch","tag-forum-24","tag-gold","tag-goldbach-cz","tag-goldbah","tag-home","tag-home-and-garden","tag-homeandgarden","tag-homeandgarden-cz","tag-i-clanky","tag-i-clanky-cz","tag-iclanky","tag-in","tag-in-in","tag-in-in-cz","tag-infopress","tag-infopress-cz","tag-internet-press-media","tag-internetpressmedia","tag-internetpressmedia-cz","tag-izpravy","tag-izpravy-dnes","tag-izpravy-com","tag-izpravy-cz","tag-izpravydnes","tag-jizni-morava","tag-kinobox","tag-kompetence","tag-krasne-bydleni","tag-krasne-bydleni-cz","tag-krasnebydleni","tag-live-mag","tag-livemag","tag-livemag-cz","tag-living","tag-livinghome","tag-livinghome-cz","tag-magazin-finance","tag-magazinfinance","tag-magazinfinance-cz","tag-mesto-pro-deti","tag-mestoprodeti","tag-metso","tag-metso-cz","tag-morava","tag-morava24","tag-morava24-cz","tag-nalistuj","tag-nalistuj-cz","tag-nas-region","tag-nase-domy","tag-nase-domy-cz","tag-nasedomy","tag-novinky","tag-novinky-zpravy","tag-novinky-zpravy-cz","tag-noviny","tag-noviny-cz","tag-novinycz","tag-online-praha","tag-onlinepraha","tag-onlinepraha-cz","tag-peclive","tag-peclive-cz","tag-pr-web","tag-pr-webs","tag-press-media","tag-press-news","tag-press-media-cz","tag-press-news-cz","tag-pressexpress","tag-pressmedia","tag-pressmedia-cz","tag-pressnews","tag-pro-zeny","tag-pro-folilo","tag-pro-folio-cz","tag-profi-clanky","tag-profi-clanky-cz","tag-proficlanky","tag-profolio","tag-profolio-cz","tag-promena-zeny","tag-promenazeny","tag-promo-clanky","tag-promo-clanky-cz","tag-promoclanky","tag-promoclanky-cz","tag-prozeny","tag-prweb-cz","tag-prwebs-cz","tag-r1-morava","tag-r1morava","tag-r1morava-cz","tag-robzone","tag-s-bydleni","tag-s-bydleni-cz","tag-sbydleni","tag-sbydleni-cz","tag-seznam","tag-seznam-novinky","tag-seznam-novinek-cz","tag-smartmania","tag-stalo-se","tag-stalo-se-cz","tag-stalose","tag-stalose-cz","tag-stavebni-veletrh","tag-stylemag","tag-stylemag-cz","tag-svet-dnes","tag-svet-zeny","tag-svetdnes","tag-svetdnes-cz","tag-svetzeny","tag-tiskova-zprava","tag-tiskova-zprava-cz","tag-tiskovazprava","tag-tiskovazprava-cz","tag-tiskove-zpravy","tag-tiskove-zpravy-cz","tag-tiskove-zpravy-eu","tag-veletrh-stavebnictvi","tag-zeny","tag-zeny-seo","tag-zeny-sro","tag-zeny-sro-cz","tag-zenysro","tag-zenysro-cz","tag-zpravy","tag-zpravy-aktualne","tag-zpravy-centrum","tag-zpravy-dnes","tag-zpravy-com","tag-zpravy-cz","tag-zpravyaktualne","tag-zpravyaktualne-cz","tag-zpravycz-cz"],"amp_enabled":false,"_links":{"self":[{"href":"https:\/\/e-zena.cz\/index.php?rest_route=\/wp\/v2\/posts\/511","targetHints":{"allow":["GET"]}}],"collection":[{"href":"https:\/\/e-zena.cz\/index.php?rest_route=\/wp\/v2\/posts"}],"about":[{"href":"https:\/\/e-zena.cz\/index.php?rest_route=\/wp\/v2\/types\/post"}],"author":[{"embeddable":true,"href":"https:\/\/e-zena.cz\/index.php?rest_route=\/wp\/v2\/users\/7"}],"replies":[{"embeddable":true,"href":"https:\/\/e-zena.cz\/index.php?rest_route=%2Fwp%2Fv2%2Fcomments&post=511"}],"version-history":[{"count":0,"href":"https:\/\/e-zena.cz\/index.php?rest_route=\/wp\/v2\/posts\/511\/revisions"}],"wp:featuredmedia":[{"embeddable":true,"href":"https:\/\/e-zena.cz\/index.php?rest_route=\/wp\/v2\/media\/17927"}],"wp:attachment":[{"href":"https:\/\/e-zena.cz\/index.php?rest_route=%2Fwp%2Fv2%2Fmedia&parent=511"}],"wp:term":[{"taxonomy":"category","embeddable":true,"href":"https:\/\/e-zena.cz\/index.php?rest_route=%2Fwp%2Fv2%2Fcategories&post=511"},{"taxonomy":"post_tag","embeddable":true,"href":"https:\/\/e-zena.cz\/index.php?rest_route=%2Fwp%2Fv2%2Ftags&post=511"}],"curies":[{"name":"wp","href":"https:\/\/api.w.org\/{rel}","templated":true}]}}