{"id":22969,"date":"2026-07-20T17:38:18","date_gmt":"2026-07-20T16:38:18","guid":{"rendered":"https:\/\/e-zena.cz\/?p=22969"},"modified":"2026-07-20T17:38:19","modified_gmt":"2026-07-20T16:38:19","slug":"ubytovani-pro-rodiny-s-detmi-na-benecku-v-zime-kdyz-se-krkonose-promeni-v-pohadkovou-krajinu","status":"publish","type":"post","link":"https:\/\/e-zena.cz\/?p=22969","title":{"rendered":"Ubytov\u00e1n\u00ed pro rodiny s d\u011btmi na Benecku v zim\u011b, kdy\u017e se Krkono\u0161e prom\u011bn\u00ed v poh\u00e1dkovou krajinu"},"content":{"rendered":"\n<p class=\"wp-block-paragraph\">Zima dok\u00e1\u017ee zm\u011bnit hory k nepozn\u00e1n\u00ed. Louky zakryje \u010derstv\u00fd sn\u00edh, stromy se obl\u00e9knou do b\u00edl\u00e9 pe\u0159iny a horsk\u00e9 stezky z\u00edskaj\u00ed \u00fapln\u011b jinou atmosf\u00e9ru ne\u017e b\u011bhem l\u00e9ta. Pr\u00e1v\u011b tehdy za\u010d\u00edn\u00e1 obdob\u00ed, na kter\u00e9 se t\u011b\u0161\u00ed tis\u00edce rodin z cel\u00e9 republiky. Benecko pat\u0159\u00ed mezi nejvyhled\u00e1van\u011bj\u0161\u00ed zimn\u00ed destinace v Krkono\u0161\u00edch, proto\u017ee nab\u00edz\u00ed ide\u00e1ln\u00ed podm\u00ednky pro aktivn\u00ed dovolenou i p\u0159\u00edjemn\u00fd odpo\u010dinek. Pokud hled\u00e1te kvalitn\u00ed <a href=\"https:\/\/www.hoteltop.cz\/cs\/\">ubytov\u00e1n\u00ed pro rodiny s d\u011btmi<\/a>, pr\u00e1v\u011b zde najdete v\u0161e, co od zimn\u00edho pobytu o\u010dek\u00e1v\u00e1te. Rodinn\u00e1 dovolen\u00e1 toti\u017e nen\u00ed jen o ly\u017eov\u00e1n\u00ed. Je to \u010das spole\u010dn\u00fdch z\u00e1\u017eitk\u016f, sm\u00edchu na svahu, ve\u010dern\u00edho vypr\u00e1v\u011bn\u00ed u ve\u010de\u0159e a okam\u017eik\u016f, kter\u00e9 d\u011btem z\u016fst\u00e1vaj\u00ed v pam\u011bti mnohem d\u00e9le ne\u017e samotn\u00e9 d\u00e1rky pod v\u00e1no\u010dn\u00edm strome\u010dkem.<\/p>\n\n\n\n<h2 class=\"wp-block-heading\">Pro\u010d pat\u0159\u00ed Benecko mezi nejobl\u00edben\u011bj\u0161\u00ed zimn\u00ed st\u0159ediska pro rodiny<\/h2>\n\n\n\n<p class=\"wp-block-paragraph\">Ka\u017ed\u00e9 horsk\u00e9 st\u0159edisko m\u00e1 sv\u00e9 kouzlo. Benecko v\u0161ak nab\u00edz\u00ed n\u011bkolik v\u00fdhod, kter\u00e9 z n\u011bj d\u011blaj\u00ed ide\u00e1ln\u00ed m\u00edsto pr\u00e1v\u011b pro rodiny s d\u011btmi.<\/p>\n\n\n\n<p class=\"wp-block-paragraph\">Najdete zde:<\/p>\n\n\n\n<ul class=\"wp-block-list\">\n<li>ly\u017ea\u0159sk\u00e9 are\u00e1ly vhodn\u00e9 pro za\u010d\u00e1te\u010dn\u00edky i pokro\u010dil\u00e9,<\/li>\n\n\n\n<li>upraven\u00e9 b\u011b\u017eka\u0159sk\u00e9 trat\u011b,<\/li>\n\n\n\n<li>bezpe\u010dn\u00e9 prost\u0159ed\u00ed,<\/li>\n\n\n\n<li>n\u00e1dhernou horskou p\u0159\u00edrodu,<\/li>\n\n\n\n<li>dostatek slu\u017eeb pro rodiny,<\/li>\n\n\n\n<li>p\u0159\u00edjemnou atmosf\u00e9ru bez zbyte\u010dn\u00e9ho ruchu velk\u00fdch st\u0159edisek.<\/li>\n<\/ul>\n\n\n\n<p class=\"wp-block-paragraph\">Pr\u00e1v\u011b kombinace t\u011bchto faktor\u016f p\u0159itahuje rodiny, kter\u00e9 cht\u011bj\u00ed spojit aktivn\u00ed dovolenou s pohodov\u00fdm odpo\u010dinkem. Po n\u00e1vratu z ly\u017eov\u00e1n\u00ed nav\u00edc nemus\u00edte slo\u017eit\u011b p\u0159em\u00fd\u0161let, kam vyrazit na ve\u010de\u0159i nebo kde d\u011bti zabavit. Dob\u0159e zvolen\u00fd hotel nab\u00edz\u00ed v\u0161e na jednom m\u00edst\u011b.<\/p>\n\n\n\n<h2 class=\"wp-block-heading\">Ubytov\u00e1n\u00ed pro rodiny s d\u011btmi usnad\u0148uje zimn\u00ed dovolenou<\/h2>\n\n\n\n<p class=\"wp-block-paragraph\">Ka\u017ed\u00fd rodi\u010d v\u00ed, kolik vybaven\u00ed je pot\u0159eba na zimn\u00ed pobyt p\u0159ipravit.<\/p>\n\n\n\n<p class=\"wp-block-paragraph\">Ly\u017ee.<\/p>\n\n\n\n<p class=\"wp-block-paragraph\">Helmy.<\/p>\n\n\n\n<p class=\"wp-block-paragraph\">Rukavice.<\/p>\n\n\n\n<p class=\"wp-block-paragraph\">Kombin\u00e9zy.<\/p>\n\n\n\n<p class=\"wp-block-paragraph\">Boty.<\/p>\n\n\n\n<p class=\"wp-block-paragraph\">A k tomu je\u0161t\u011b oble\u010den\u00ed na p\u0159evle\u010den\u00ed. Proto je d\u016fle\u017eit\u00e9, aby hotel nab\u00eddl dostatek prostoru i komfortn\u00ed z\u00e1zem\u00ed. ProFamily Hotel TOP disponuje rodinn\u00fdmi pokoji i apartm\u00e1ny, kde se pohodln\u011b ubytuj\u00ed men\u0161\u00ed i v\u011bt\u0161\u00ed rodiny. Samoz\u0159ejmost\u00ed je vlastn\u00ed koupelna, pohodln\u00e9 postele, WiFi p\u0159ipojen\u00ed i mo\u017enost parkov\u00e1n\u00ed p\u0159\u00edmo u hotelu. D\u00edky tomu odpad\u00e1 ka\u017edodenn\u00ed starost s p\u0159esuny a rodiny si mohou u\u017e\u00edvat pobyt naplno.<\/p>\n\n\n\n<h2 class=\"wp-block-heading\">D\u011bti se na ly\u017e\u00edch u\u010d\u00ed p\u0159ekvapiv\u011b rychle<\/h2>\n\n\n\n<p class=\"wp-block-paragraph\">Mnoho rodi\u010d\u016f m\u00e1 obavy, jestli jejich d\u011bti zvl\u00e1dnou prvn\u00ed ly\u017ea\u0159sk\u00e9 kr\u016f\u010dky. Praxe ale ukazuje prav\u00fd opak. Mal\u00ed ly\u017ea\u0159i se \u010dasto u\u010d\u00ed rychleji ne\u017e dosp\u011bl\u00ed. Sta\u010d\u00ed n\u011bkolik j\u00edzd. Trocha povzbuzen\u00ed. A najednou sj\u00ed\u017ed\u011bj\u00ed prvn\u00ed svah s \u00fasm\u011bvem od ucha k uchu. Pr\u00e1v\u011b Benecko je d\u00edky sv\u00fdm podm\u00ednk\u00e1m ide\u00e1ln\u00ed pro prvn\u00ed sezn\u00e1men\u00ed s ly\u017eov\u00e1n\u00edm. M\u00edrn\u011bj\u0161\u00ed svahy umo\u017e\u0148uj\u00ed bezpe\u010dn\u00e9 u\u010den\u00ed a d\u011bti z\u00edsk\u00e1vaj\u00ed jistotu bez zbyte\u010dn\u00e9ho stresu. Rodi\u010de si p\u0159itom mohou u\u017e\u00edvat radost z ka\u017ed\u00e9ho nov\u00e9ho pokroku.<\/p>\n\n\n\n<h2 class=\"wp-block-heading\">Zimn\u00ed dovolen\u00e1 nen\u00ed jen o sjezdovk\u00e1ch<\/h2>\n\n\n\n<p class=\"wp-block-paragraph\">Ani ti, kte\u0159\u00ed nely\u017euj\u00ed, se na Benecku rozhodn\u011b nudit nebudou. Okoln\u00ed krajina nab\u00edz\u00ed \u0159adu mo\u017enost\u00ed.<\/p>\n\n\n\n<p class=\"wp-block-paragraph\">Obl\u00edben\u00e9 jsou nap\u0159\u00edklad:<\/p>\n\n\n\n<ul class=\"wp-block-list\">\n<li>zimn\u00ed proch\u00e1zky zasn\u011b\u017een\u00fdmi lesy,<\/li>\n\n\n\n<li>b\u011b\u017eeck\u00e9 trat\u011b,<\/li>\n\n\n\n<li>s\u00e1\u0148kov\u00e1n\u00ed,<\/li>\n\n\n\n<li>bobov\u00e1n\u00ed,<\/li>\n\n\n\n<li>stav\u011bn\u00ed sn\u011bhul\u00e1k\u016f,<\/li>\n\n\n\n<li>koulov\u00e1n\u00ed.<\/li>\n<\/ul>\n\n\n\n<p class=\"wp-block-paragraph\">Pr\u00e1v\u011b tyto jednoduch\u00e9 radosti \u010dasto d\u011bti bav\u00ed \u00fapln\u011b nejv\u00edc. Ne\u0159e\u0161\u00ed, kolik kilometr\u016f u\u0161ly. Neporovn\u00e1vaj\u00ed v\u00fdkony. Prost\u011b si u\u017e\u00edvaj\u00ed sn\u00edh. A rodi\u010de si spole\u010dn\u011b s nimi p\u0159ipom\u00ednaj\u00ed vlastn\u00ed d\u011btstv\u00ed.<\/p>\n\n\n\n<h2 class=\"wp-block-heading\">Po dni na sn\u011bhu p\u0159ijde vhod tepl\u00e9 z\u00e1zem\u00ed<\/h2>\n\n\n\n<p class=\"wp-block-paragraph\">Nen\u00ed nic p\u0159\u00edjemn\u011bj\u0161\u00edho ne\u017e n\u00e1vrat do vyh\u0159\u00e1t\u00e9ho hotelu po n\u011bkolika hodin\u00e1ch venku. Mokr\u00e9 rukavice schnou. Tv\u00e1\u0159e pomalu z\u00edsk\u00e1vaj\u00ed norm\u00e1ln\u00ed barvu. A v\u0161ichni maj\u00ed po\u0159\u00e1dn\u00fd hlad. Pr\u00e1v\u011b tehdy p\u0159ich\u00e1z\u00ed na \u0159adu hotelov\u00e1 restaurace. Host\u00e9 mohou vyu\u017e\u00edt bohat\u00e9 bufetov\u00e9 sn\u00eddan\u011b i mo\u017enost polopenze. Restaurace p\u0159ipravuje pokrmy z kvalitn\u00edch surovin a nab\u00edz\u00ed tradi\u010dn\u00ed \u010deskou kuchyni v modern\u00edm pojet\u00ed. Nechyb\u00ed \u010derstv\u00e9 pe\u010divo, dom\u00e1c\u00ed pomaz\u00e1nky, ovoce ani tepl\u00e9 pokrmy. Otev\u0159en\u00e1 kuchyn\u011b nav\u00edc umo\u017e\u0148uje sledovat p\u0159\u00edpravu j\u00eddel p\u0159\u00edmo b\u011bhem va\u0159en\u00ed. Pro rodiny to znamen\u00e1 jedin\u00e9. \u017d\u00e1dn\u00e9 va\u0159en\u00ed. \u017d\u00e1dn\u00e9 hled\u00e1n\u00ed restaurace. Jen pohodov\u00e1 ve\u010de\u0159e po kr\u00e1sn\u00e9m dni na hor\u00e1ch.<\/p>\n\n\n\n<h2 class=\"wp-block-heading\">Wellness je ide\u00e1ln\u00ed te\u010dkou za zimn\u00edm dnem<\/h2>\n\n\n\n<p class=\"wp-block-paragraph\">Po n\u011bkolika hodin\u00e1ch na svahu si t\u011blo zaslou\u017e\u00ed regeneraci.<\/p>\n\n\n\n<p class=\"wp-block-paragraph\">Priv\u00e1tn\u00ed wellness nab\u00edz\u00ed:<\/p>\n\n\n\n<ul class=\"wp-block-list\">\n<li>whirlpool,<\/li>\n\n\n\n<li>saunu,<\/li>\n\n\n\n<li>odpo\u010d\u00edv\u00e1rnu,<\/li>\n\n\n\n<li>mo\u017enost mas\u00e1\u017e\u00ed.<\/li>\n<\/ul>\n\n\n\n<p class=\"wp-block-paragraph\">Teplo sauny p\u0159\u00edjemn\u011b uvoln\u00ed svaly. Whirlpool pom\u016f\u017ee na\u010derpat nov\u00e9 s\u00edly. A druh\u00fd den m\u016f\u017eete znovu vyrazit na sn\u00edh. Takov\u00e9 spojen\u00ed aktivn\u00edho pohybu a relaxace b\u00fdv\u00e1 jedn\u00edm z hlavn\u00edch d\u016fvod\u016f, pro\u010d se host\u00e9 do hotelu opakovan\u011b vracej\u00ed.<\/p>\n\n\n\n<h2 class=\"wp-block-heading\">Kdy\u017e d\u011bti objev\u00ed kouzlo zimn\u00edch hor<\/h2>\n\n\n\n<p class=\"wp-block-paragraph\">M\u011bstsk\u00e9 d\u011bti \u010dasto znaj\u00ed sn\u00edh jen z n\u011bkolika dn\u016f v roce. Na Benecku je v\u0161echno jinak.<\/p>\n\n\n\n<p class=\"wp-block-paragraph\">Najednou mohou:<\/p>\n\n\n\n<ul class=\"wp-block-list\">\n<li>stav\u011bt sn\u011bhov\u00e9 pevnosti,<\/li>\n\n\n\n<li>vyr\u00e1b\u011bt and\u00edlky ve sn\u011bhu,<\/li>\n\n\n\n<li>z\u00e1vodit na bobech,<\/li>\n\n\n\n<li>objevovat zasn\u011b\u017een\u00e9 lesy,<\/li>\n\n\n\n<li>pozorovat stopy zv\u00ed\u0159at.<\/li>\n<\/ul>\n\n\n\n<p class=\"wp-block-paragraph\">Takov\u00e9 chv\u00edle vytv\u00e1\u0159ej\u00ed vzpom\u00ednky, kter\u00e9 si d\u011bti ponesou cel\u00fd \u017eivot. Nejde p\u0159itom o drah\u00e9 atrakce. Sta\u010d\u00ed \u010dist\u00e1 horsk\u00e1 p\u0159\u00edroda. A spole\u010dn\u011b str\u00e1ven\u00fd \u010das.<\/p>\n\n\n\n<h2 class=\"wp-block-heading\">Ani p\u00e1ry nep\u0159ijdou zkr\u00e1tka<\/h2>\n\n\n\n<p class=\"wp-block-paragraph\">P\u0159esto\u017ee je hotel vyhled\u00e1van\u00fd hlavn\u011b rodinami, sv\u00e9 kouzlo m\u00e1 tak\u00e9 pro dvojice. Pokud pl\u00e1nujete <a href=\"https:\/\/www.hoteltop.cz\/cs\/pobyty\/58571-romanticky-pobyt-pro-dva\/\">romantick\u00fd pobyt na hor\u00e1ch<\/a>, zimn\u00ed Krkono\u0161e nab\u00edzej\u00ed neopakovatelnou atmosf\u00e9ru. Zasn\u011b\u017een\u00e9 lesy, klidn\u00e9 ve\u010dern\u00ed proch\u00e1zky i p\u0159\u00edjemn\u00e9 wellness vytv\u00e1\u0159ej\u00ed ide\u00e1ln\u00ed prost\u0159ed\u00ed pro spole\u010dn\u00e9 chv\u00edle. Velkou oblibu si z\u00edsk\u00e1v\u00e1 tak\u00e9 <a href=\"https:\/\/www.hoteltop.cz\/cs\/pobyty\/58571-romanticky-pobyt-pro-dva\/\">romantick\u00fd pobyt pro dva<\/a>, kter\u00fd spojuje pohodln\u00e9 ubytov\u00e1n\u00ed, kvalitn\u00ed gastronomii a mo\u017enost odpo\u010dinku po dni str\u00e1ven\u00e9m v p\u0159\u00edrod\u011b. Hory v zim\u011b p\u016fsob\u00ed mimo\u0159\u00e1dn\u011b klidn\u011b a romanticky.<\/p>\n\n\n\n<h2 class=\"wp-block-heading\">Jak vybrat hotel pro zimn\u00ed rodinnou dovolenou<\/h2>\n\n\n\n<p class=\"wp-block-paragraph\">P\u0159i v\u00fdb\u011bru ubytov\u00e1n\u00ed se vyplat\u00ed zam\u011b\u0159it na n\u011bkolik d\u016fle\u017eit\u00fdch parametr\u016f.<\/p>\n\n\n\n<p class=\"wp-block-paragraph\">Ide\u00e1ln\u00ed hotel nab\u00edz\u00ed:<\/p>\n\n\n\n<ul class=\"wp-block-list\">\n<li>rodinn\u00e9 pokoje,<\/li>\n\n\n\n<li>kvalitn\u00ed restauraci,<\/li>\n\n\n\n<li>wellness,<\/li>\n\n\n\n<li>d\u011btsk\u00e9 z\u00e1zem\u00ed,<\/li>\n\n\n\n<li>parkov\u00e1n\u00ed,<\/li>\n\n\n\n<li>dobrou dostupnost ly\u017ea\u0159sk\u00fdch are\u00e1l\u016f,<\/li>\n\n\n\n<li>p\u0159\u00e1telsk\u00fd person\u00e1l.<\/li>\n<\/ul>\n\n\n\n<p class=\"wp-block-paragraph\">Pr\u00e1v\u011b spojen\u00ed v\u0161ech t\u011bchto slu\u017eeb rozhoduje o tom, zda bude dovolen\u00e1 opravdu bez starost\u00ed. Kdy\u017e nemus\u00edte \u0159e\u0161it organiza\u010dn\u00ed drobnosti, zb\u00fdv\u00e1 v\u00edce \u010dasu na to nejd\u016fle\u017eit\u011bj\u0161\u00ed. Na rodinu. Na spole\u010dn\u00e9 z\u00e1\u017eitky. Na odpo\u010dinek.<\/p>\n\n\n\n<h2 class=\"wp-block-heading\">Nejkr\u00e1sn\u011bj\u0161\u00ed zimn\u00ed dovolen\u00e1 je ta, kterou pro\u017eijete spole\u010dn\u011b<\/h2>\n\n\n\n<p class=\"wp-block-paragraph\">D\u011bti si mo\u017en\u00e1 po n\u011bkolika letech nevybav\u00ed, kolik kilometr\u016f sjely na ly\u017e\u00edch. Budou si ale pamatovat prvn\u00ed j\u00edzdu. Prvn\u00ed sn\u011bhul\u00e1k. Prvn\u00ed koulova\u010dku. Prvn\u00ed spole\u010dn\u00fd ve\u010der po n\u00e1vratu ze svahu. Pr\u00e1v\u011b tyto drobn\u00e9 okam\u017eiky vytv\u00e1\u0159ej\u00ed rodinn\u00e9 p\u0159\u00edb\u011bhy. A kvalitn\u00ed <a href=\"https:\/\/www.hoteltop.cz\/cs\/\">ubytov\u00e1n\u00ed pro rodiny s d\u011btmi<\/a> jim poskytuje ide\u00e1ln\u00ed kulisu.<\/p>\n\n\n\n<h3 class=\"wp-block-heading\">\u010casto kladen\u00e9 ot\u00e1zky<\/h3>\n\n\n\n<p class=\"wp-block-paragraph\"><strong>Je Benecko vhodn\u00e9 pro prvn\u00ed ly\u017eov\u00e1n\u00ed d\u011bt\u00ed?<\/strong><\/p>\n\n\n\n<p class=\"wp-block-paragraph\">Ano. D\u00edky m\u00edrn\u011bj\u0161\u00edm svah\u016fm a rodinn\u00e9mu prost\u0159ed\u00ed pat\u0159\u00ed mezi obl\u00edben\u00e1 m\u00edsta pro za\u010d\u00ednaj\u00edc\u00ed ly\u017ea\u0159e.<\/p>\n\n\n\n<p class=\"wp-block-paragraph\"><strong>Co mohou d\u011blat d\u011bti, kter\u00e9 je\u0161t\u011b nely\u017euj\u00ed?<\/strong><\/p>\n\n\n\n<p class=\"wp-block-paragraph\">Mohou s\u00e1\u0148kovat, bobovat, stav\u011bt sn\u011bhul\u00e1ky nebo si u\u017e\u00edvat hry na sn\u011bhu.<\/p>\n\n\n\n<p class=\"wp-block-paragraph\"><strong>Nab\u00edz\u00ed hotel wellness?<\/strong><\/p>\n\n\n\n<p class=\"wp-block-paragraph\">Ano. Host\u00e9 mohou vyu\u017e\u00edt priv\u00e1tn\u00ed wellness se saunou, whirlpool a mo\u017enost\u00ed mas\u00e1\u017e\u00ed.<\/p>\n\n\n\n<p class=\"wp-block-paragraph\"><strong>Je mo\u017en\u00e9 vyu\u017e\u00edt hotel i b\u011bhem del\u0161\u00ed zimn\u00ed dovolen\u00e9?<\/strong><\/p>\n\n\n\n<p class=\"wp-block-paragraph\">Ano. D\u00edky mno\u017estv\u00ed aktivit v okol\u00ed si ka\u017ed\u00fd den snadno napl\u00e1nujete jin\u00fd program.<\/p>\n\n\n\n<p class=\"wp-block-paragraph\"><strong>Je hotel vhodn\u00fd tak\u00e9 pro p\u00e1ry?<\/strong><\/p>\n\n\n\n<p class=\"wp-block-paragraph\">Ano. Nab\u00edz\u00ed komfortn\u00ed pokoje, wellness i p\u0159\u00edjemnou restauraci vhodnou pro odpo\u010dinek ve dvou.<\/p>\n\n\n\n<p class=\"wp-block-paragraph\"><strong>Pro\u010d je kvalitn\u00ed ubytov\u00e1n\u00ed pro rodiny s d\u011btmi d\u016fle\u017eit\u00e9?<\/strong><\/p>\n\n\n\n<p class=\"wp-block-paragraph\">Proto\u017ee v\u00fdrazn\u011b usnad\u0148uje organizaci dovolen\u00e9 a umo\u017e\u0148uje rodi\u010d\u016fm i d\u011btem naplno si u\u017e\u00edt spole\u010dn\u011b str\u00e1ven\u00fd \u010das.<\/p>\n\n\n\n<p class=\"wp-block-paragraph\">Pokud chcete za\u017e\u00edt pravou atmosf\u00e9ru zimn\u00edch Krkono\u0161, dop\u0159\u00e1t d\u011btem radost ze sn\u011bhu a sob\u011b zaslou\u017een\u00fd odpo\u010dinek, seznamte se s nab\u00eddkou ProFamily Hotelu TOP na Benecku. Komfortn\u00ed ubytov\u00e1n\u00ed, v\u00fdborn\u00e1 gastronomie, wellness i skv\u011bl\u00e1 poloha vytv\u00e1\u0159ej\u00ed ide\u00e1ln\u00ed podm\u00ednky pro nezapomenutelnou zimn\u00ed dovolenou. V\u00edce informac\u00ed o pobytech a aktu\u00e1ln\u00ed nab\u00eddce najdete na https:\/\/www.hoteltop.cz\/cs\/.<\/p>\n","protected":false},"excerpt":{"rendered":"<p>Zima dok\u00e1\u017ee zm\u011bnit hory k nepozn\u00e1n\u00ed. Louky zakryje \u010derstv\u00fd sn\u00edh, stromy se obl\u00e9knou do b\u00edl\u00e9 pe\u0159iny a horsk\u00e9 stezky z\u00edskaj\u00ed \u00fapln\u011b jinou atmosf\u00e9ru ne\u017e b\u011bhem l\u00e9ta. Pr\u00e1v\u011b tehdy za\u010d\u00edn\u00e1 obdob\u00ed, na kter\u00e9 se t\u011b\u0161\u00ed tis\u00edce rodin z cel\u00e9 republiky. Benecko pat\u0159\u00ed mezi nejvyhled\u00e1van\u011bj\u0161\u00ed zimn\u00ed destinace v Krkono\u0161\u00edch, proto\u017ee nab\u00edz\u00ed ide\u00e1ln\u00ed podm\u00ednky pro aktivn\u00ed dovolenou i [&hellip;]<\/p>\n","protected":false},"author":1,"featured_media":22970,"comment_status":"open","ping_status":"open","sticky":false,"template":"","format":"standard","meta":{"_sitemap_exclude":false,"_sitemap_priority":"","_sitemap_frequency":"","tdm_status":"","tdm_grid_status":"","footnotes":""},"categories":[4],"tags":[],"class_list":["post-22969","post","type-post","status-publish","format-standard","has-post-thumbnail","category-cestovani"],"amp_enabled":false,"_links":{"self":[{"href":"https:\/\/e-zena.cz\/index.php?rest_route=\/wp\/v2\/posts\/22969","targetHints":{"allow":["GET"]}}],"collection":[{"href":"https:\/\/e-zena.cz\/index.php?rest_route=\/wp\/v2\/posts"}],"about":[{"href":"https:\/\/e-zena.cz\/index.php?rest_route=\/wp\/v2\/types\/post"}],"author":[{"embeddable":true,"href":"https:\/\/e-zena.cz\/index.php?rest_route=\/wp\/v2\/users\/1"}],"replies":[{"embeddable":true,"href":"https:\/\/e-zena.cz\/index.php?rest_route=%2Fwp%2Fv2%2Fcomments&post=22969"}],"version-history":[{"count":1,"href":"https:\/\/e-zena.cz\/index.php?rest_route=\/wp\/v2\/posts\/22969\/revisions"}],"predecessor-version":[{"id":22971,"href":"https:\/\/e-zena.cz\/index.php?rest_route=\/wp\/v2\/posts\/22969\/revisions\/22971"}],"wp:featuredmedia":[{"embeddable":true,"href":"https:\/\/e-zena.cz\/index.php?rest_route=\/wp\/v2\/media\/22970"}],"wp:attachment":[{"href":"https:\/\/e-zena.cz\/index.php?rest_route=%2Fwp%2Fv2%2Fmedia&parent=22969"}],"wp:term":[{"taxonomy":"category","embeddable":true,"href":"https:\/\/e-zena.cz\/index.php?rest_route=%2Fwp%2Fv2%2Fcategories&post=22969"},{"taxonomy":"post_tag","embeddable":true,"href":"https:\/\/e-zena.cz\/index.php?rest_route=%2Fwp%2Fv2%2Ftags&post=22969"}],"curies":[{"name":"wp","href":"https:\/\/api.w.org\/{rel}","templated":true}]}}