{"id":22907,"date":"2026-04-13T17:53:36","date_gmt":"2026-04-13T16:53:36","guid":{"rendered":"https:\/\/e-zena.cz\/?p=22907"},"modified":"2026-04-13T17:53:37","modified_gmt":"2026-04-13T16:53:37","slug":"jak-vybrat-spravna-probiotika-pro-zeny-na-co-se-zamerit","status":"publish","type":"post","link":"https:\/\/e-zena.cz\/?p=22907","title":{"rendered":"Jak vybrat spr\u00e1vn\u00e1 probiotika pro \u017eeny: na co se zam\u011b\u0159it"},"content":{"rendered":"\n<p class=\"wp-block-paragraph\">Probiotik je na trhu nep\u0159ebern\u00e9 mno\u017estv\u00ed, ale ne ka\u017ed\u00e9 je vhodn\u00e9 pro \u017eensk\u00e9 t\u011blo. Zjist\u011bte, jak\u00e9 kmeny hledat, kolik CFU skute\u010dn\u011b pot\u0159ebujete a kdy m\u00e1 suplementace nejv\u011bt\u0161\u00ed smysl.<\/p>\n\n\n\n<h2 class=\"wp-block-heading\">V tomto \u010dl\u00e1nku se dozv\u00edte<\/h2>\n\n\n\n<ul class=\"wp-block-list\">\n<li>Pro\u010d \u017eeny pot\u0159ebuj\u00ed jin\u00e1 probiotika ne\u017e mu\u017ei<\/li>\n\n\n\n<li>Jak\u00e9 kmeny hledat na etiket\u011b<\/li>\n\n\n\n<li>Kolik CFU skute\u010dn\u011b pot\u0159ebujete<\/li>\n\n\n\n<li>Na jak\u00e9 dopl\u0148kov\u00e9 slo\u017eky se zam\u011b\u0159it<\/li>\n\n\n\n<li>Kdy za\u010d\u00edt probiotika u\u017e\u00edvat<\/li>\n\n\n\n<li>Jak je spr\u00e1vn\u011b u\u017e\u00edvat, aby fungovala<\/li>\n\n\n\n<li>Nej\u010dast\u011bj\u0161\u00ed chyby p\u0159i v\u00fdb\u011bru<\/li>\n<\/ul>\n\n\n\n<figure class=\"wp-block-image size-large\"><img loading=\"lazy\" decoding=\"async\" width=\"840\" height=\"571\" src=\"https:\/\/e-zena.cz\/wp-content\/uploads\/2026\/04\/e-zena.cz_roveja_01-840x571.jpg\" alt=\"\" class=\"wp-image-22909\"\/><\/figure>\n\n\n\n<h2 class=\"wp-block-heading\">Pro\u010d \u017eeny pot\u0159ebuj\u00ed jin\u00e1 probiotika ne\u017e mu\u017ei<\/h2>\n\n\n\n<p class=\"wp-block-paragraph\">\u017densk\u00e9 t\u011blo mus\u00ed udr\u017eovat rovnov\u00e1hu ve dvou kl\u00ed\u010dov\u00fdch oblastech ve <strong>st\u0159evech<\/strong> a v <strong>pochv\u011b<\/strong>. Ob\u011b se navz\u00e1jem ovliv\u0148uj\u00ed a ob\u011b reaguj\u00ed na hormon\u00e1ln\u00ed zm\u011bny, kter\u00e9 \u017eensk\u00e9 t\u011blo prov\u00e1z\u00ed cel\u00fd \u017eivot.<\/p>\n\n\n\n<p class=\"wp-block-paragraph\"><a href=\"https:\/\/roveja.cz\/vitaminy-a-doplnky-stravy\/79-probiotika-pro-zeny-0761742697315.html\">Zdrav\u00e1 vagin\u00e1ln\u00ed mikrofl\u00f3ra<\/a> je tvo\u0159ena p\u0159ev\u00e1\u017en\u011b laktobacily, kter\u00e9 udr\u017euj\u00ed kysel\u00e9 pH a br\u00e1n\u00ed mno\u017een\u00ed kvasinek a patogenn\u00edch bakteri\u00ed. Jakmile se tato rovnov\u00e1ha naru\u0161\u00ed \u2013 a\u0165 u\u017e antibiotiky, stresem nebo hormon\u00e1ln\u00edmi zm\u011bnami \u2013 objevuj\u00ed se probl\u00e9my, kter\u00e9 b\u011b\u017en\u00e9 \u201est\u0159evn\u00ed&#8220; probiotikum nevy\u0159e\u0161\u00ed.<\/p>\n\n\n\n<p class=\"wp-block-paragraph\">Proto je d\u016fle\u017eit\u00e9 vyb\u00edrat p\u0159\u00edpravek, kter\u00fd c\u00edl\u00ed na oba syst\u00e9my sou\u010dasn\u011b.<\/p>\n\n\n\n<h2 class=\"wp-block-heading\">Jak\u00e9 kmeny hledat na etiket\u011b<\/h2>\n\n\n\n<p class=\"wp-block-paragraph\">P\u0159i v\u00fdb\u011bru probiotik je d\u016fle\u017eit\u011bj\u0161\u00ed <strong>slo\u017een\u00ed kmen\u016f<\/strong> ne\u017e celkov\u00fd po\u010det bakteri\u00ed. Ka\u017ed\u00fd kmen m\u00e1 jinou funkci:<\/p>\n\n\n\n<p class=\"wp-block-paragraph\"><strong>Lactobacillus crispatus<\/strong> \u2013 dominantn\u00ed kmen zdrav\u00e9 vagin\u00e1ln\u00ed mikrofl\u00f3ry. Produkuje kyselinu ml\u00e9\u010dnou, udr\u017euje kysel\u00e9 pH pochvy a br\u00e1n\u00ed r\u016fstu kvasinek. \u017deny s dostatkem tohoto kmene maj\u00ed prokazateln\u011b ni\u017e\u0161\u00ed v\u00fdskyt vagin\u00e1ln\u00edch infekc\u00ed.<\/p>\n\n\n\n<p class=\"wp-block-paragraph\"><strong>Lactobacillus rhamnosus<\/strong> \u2013 jeden z nejprostudovan\u011bj\u0161\u00edch kmen\u016f. Podporuje st\u0159evn\u00ed i vagin\u00e1ln\u00ed zdrav\u00ed, posiluje imunitn\u00ed odpov\u011b\u010f a pom\u00e1h\u00e1 obnovit mikrofl\u00f3ru po antibiotik\u00e1ch.<\/p>\n\n\n\n<p class=\"wp-block-paragraph\"><strong>Lactobacillus reuteri<\/strong> \u2013 p\u0159isp\u00edv\u00e1 k rovnov\u00e1ze vagin\u00e1ln\u00ed mikrofl\u00f3ry a podporuje zdrav\u00ed mo\u010dov\u00fdch cest. V kombinaci s L. rhamnosus tvo\u0159\u00ed osv\u011bd\u010denou dvojici.<\/p>\n\n\n\n<p class=\"wp-block-paragraph\"><strong>Lactobacillus acidophilus<\/strong> \u2013 klasika pro st\u0159evn\u00ed zdrav\u00ed. Podporuje tr\u00e1ven\u00ed, vst\u0159eb\u00e1v\u00e1n\u00ed \u017eivin a pom\u00e1h\u00e1 udr\u017eovat st\u0159evn\u00ed bari\u00e9ru.<\/p>\n\n\n\n<p class=\"wp-block-paragraph\"><strong>Bifidobacterium longum a lactis<\/strong> \u2013 d\u016fle\u017eit\u00e9 pro imunitu, produkci vitam\u00edn\u016f skupiny B a psychickou pohodu. V\u00fdzkumy potvrzuj\u00ed pozitivn\u00ed vliv na n\u00e1ladu a sn\u00ed\u017een\u00ed \u00fazkosti.<\/p>\n\n\n\n<p class=\"wp-block-paragraph\">Ide\u00e1ln\u00ed p\u0159\u00edpravek kombinuje <strong>minim\u00e1ln\u011b 4\u20136 kmen\u016f<\/strong> z obou rod\u016f \u2013 Lactobacillus i Bifidobacterium.<\/p>\n\n\n\n<h2 class=\"wp-block-heading\">Kolik CFU skute\u010dn\u011b pot\u0159ebujete<\/h2>\n\n\n\n<p class=\"wp-block-paragraph\">CFU (colony forming units) ud\u00e1v\u00e1 po\u010det \u017eiv\u00fdch bakteri\u00ed v jedn\u00e9 d\u00e1vce. V\u00edce ale automaticky neznamen\u00e1 l\u00e9pe \u2013 z\u00e1le\u017e\u00ed na \u00fa\u010delu:<\/p>\n\n\n\n<p class=\"wp-block-paragraph\"><strong>5\u201310 miliard CFU<\/strong> \u2013 dostate\u010dn\u00e9 pro b\u011b\u017enou ka\u017edodenn\u00ed podporu tr\u00e1ven\u00ed a imunity.<\/p>\n\n\n\n<p class=\"wp-block-paragraph\"><strong>15\u201325 miliard CFU<\/strong> \u2013 vhodn\u00e9 pro c\u00edlenou p\u00e9\u010di o intimn\u00ed zdrav\u00ed, po antibiotik\u00e1ch nebo p\u0159i opakovan\u00fdch infekc\u00edch. Toto rozmez\u00ed doporu\u010duje v\u011bt\u0161ina odborn\u00edk\u016f pro \u017eeny, kter\u00e9 \u0159e\u0161\u00ed konkr\u00e9tn\u00ed pot\u00ed\u017ee.<\/p>\n\n\n\n<p class=\"wp-block-paragraph\"><strong>Nad 50 miliard CFU<\/strong> \u2013 v\u011bt\u0161inou zbyte\u010dn\u00e9. V\u00edce bakteri\u00ed neznamen\u00e1 v\u011bt\u0161\u00ed \u00fa\u010dinnost a t\u011blo p\u0159ebytek jednodu\u0161e vylou\u010d\u00ed. D\u016fle\u017eit\u011bj\u0161\u00ed je kvalita a c\u00edlenost kmen\u016f.<\/p>\n\n\n\n<h2 class=\"wp-block-heading\">Na jak\u00e9 dopl\u0148kov\u00e9 slo\u017eky se zam\u011b\u0159it<\/h2>\n\n\n\n<p class=\"wp-block-paragraph\">Samotn\u00e9 probiotick\u00e9 kmeny jsou z\u00e1klad, ale kvalitn\u00ed p\u0159\u00edpravky jdou d\u00e1l:<\/p>\n\n\n\n<p class=\"wp-block-paragraph\"><a href=\"https:\/\/roveja.cz\/19-probiotika-a-laktobacily\"><strong>D-man\u00f3za<\/strong><\/a> \u2013 p\u0159\u00edrodn\u00ed cukr, kter\u00fd se v\u00e1\u017ee na bakterie E. coli a pom\u00e1h\u00e1 je vyplavit z mo\u010dov\u00fdch cest. Pro \u017eeny trp\u00edc\u00ed opakovan\u00fdmi z\u00e1n\u011bty mo\u010dov\u00fdch cest je to kl\u00ed\u010dov\u00e1 slo\u017eka.<\/p>\n\n\n\n<p class=\"wp-block-paragraph\"><strong>Prebiotika (FOS, inulin)<\/strong> \u2013 vl\u00e1knina, kter\u00e1 slou\u017e\u00ed jako potrava pro probiotick\u00e9 bakterie. Pom\u00e1h\u00e1 jim p\u0159e\u017e\u00edt a mno\u017eit se ve st\u0159evech. P\u0159\u00edpravek s prebiotiky m\u00e1 vy\u0161\u0161\u00ed \u00fa\u010dinnost.<\/p>\n\n\n\n<p class=\"wp-block-paragraph\"><strong>Vitam\u00edn C<\/strong> \u2013 podporuje imunitn\u00ed syst\u00e9m a p\u0159isp\u00edv\u00e1 k okyselen\u00ed mo\u010di, \u010d\u00edm\u017e vytv\u00e1\u0159\u00ed nep\u0159\u00edzniv\u00e9 prost\u0159ed\u00ed pro patogeny.<\/p>\n\n\n\n<p class=\"wp-block-paragraph\"><strong>Brusinkov\u00fd extrakt<\/strong> \u2013 tradi\u010dn\u00ed podpora mo\u010dov\u00fdch cest, kter\u00e1 v kombinaci s probiotiky a D-man\u00f3zou zesiluje ochrann\u00fd efekt.<\/p>\n\n\n\n<h2 class=\"wp-block-heading\">Kdy za\u010d\u00edt probiotika u\u017e\u00edvat<\/h2>\n\n\n\n<p class=\"wp-block-paragraph\">Jsou situace, kdy je suplementace obzvl\u00e1\u0161\u0165 d\u016fle\u017eit\u00e1:<\/p>\n\n\n\n<p class=\"wp-block-paragraph\"><strong>Po antibiotik\u00e1ch<\/strong> \u2013 antibiotika zni\u010d\u00ed nejen \u0161kodliv\u00e9, ale i prosp\u011b\u0161n\u00e9 bakterie. <a href=\"https:\/\/roveja.cz\/19-probiotika-a-laktobacily\">Obnova st\u0159evn\u00ed i vagin\u00e1ln\u00ed mikrofl\u00f3ry<\/a> m\u016f\u017ee bez podpory trvat m\u011bs\u00edce. Ide\u00e1ln\u011b za\u010dn\u011bte je\u0161t\u011b b\u011bhem l\u00e9\u010dby (s odstupem 2 hodiny od antibiotika).<\/p>\n\n\n\n<p class=\"wp-block-paragraph\"><strong>P\u0159i opakovan\u00fdch infekc\u00edch<\/strong> \u2013 vracej\u00edc\u00ed se kandid\u00f3za, bakteri\u00e1ln\u00ed vagin\u00f3za nebo z\u00e1n\u011bty mo\u010dov\u00fdch cest signalizuj\u00ed naru\u0161enou ochrannou mikrofl\u00f3ru. C\u00edlen\u00e1 probiotika mohou p\u0159eru\u0161it za\u010darovan\u00fd kruh.<\/p>\n\n\n\n<p class=\"wp-block-paragraph\"><strong>V obdob\u00ed hormon\u00e1ln\u00edch zm\u011bn<\/strong> \u2013 menstruace, t\u011bhotenstv\u00ed, menopauza. Mikrofl\u00f3ra se v t\u011bchto obdob\u00edch p\u0159irozen\u011b m\u011bn\u00ed a je n\u00e1chyln\u011bj\u0161\u00ed k nerovnov\u00e1ze.<\/p>\n\n\n\n<p class=\"wp-block-paragraph\"><strong>P\u0159i chronick\u00e9m stresu<\/strong> \u2013 stres naru\u0161uje st\u0159evn\u00ed bari\u00e9ru a oslabuje mikrobiom. Propojen\u00ed st\u0159eva a mozku znamen\u00e1, \u017ee naru\u0161en\u00e1 mikrofl\u00f3ra se projev\u00ed na n\u00e1lad\u011b, sp\u00e1nku i energii.<\/p>\n\n\n\n<p class=\"wp-block-paragraph\"><strong>P\u0159i probl\u00e9mech s plet\u00ed<\/strong> \u2013 akn\u00e9, ekz\u00e9my nebo matn\u00e1 ple\u0165 mohou m\u00edt p\u016fvod ve st\u0159evech. Zdrav\u00fd mikrobiom se odr\u00e1\u017e\u00ed na kvalit\u011b k\u016f\u017ee.<\/p>\n\n\n\n<figure class=\"wp-block-image size-large\"><img loading=\"lazy\" decoding=\"async\" width=\"840\" height=\"571\" src=\"https:\/\/e-zena.cz\/wp-content\/uploads\/2026\/04\/e-zena.cz_roveja_02-840x571.jpg\" alt=\"\" class=\"wp-image-22910\"\/><\/figure>\n\n\n\n<h2 class=\"wp-block-heading\">Jak probiotika spr\u00e1vn\u011b u\u017e\u00edvat<\/h2>\n\n\n\n<p class=\"wp-block-paragraph\"><strong>Na\u010dasov\u00e1n\u00ed<\/strong> \u2013 nejlep\u0161\u00ed je r\u00e1no nala\u010dno nebo 30 minut p\u0159ed j\u00eddlem, kdy je \u017ealude\u010dn\u00ed kyselina nejslab\u0161\u00ed a bakterie maj\u00ed v\u011bt\u0161\u00ed \u0161anci p\u0159e\u017e\u00edt.<\/p>\n\n\n\n<p class=\"wp-block-paragraph\"><strong>Zap\u00edjen\u00ed<\/strong> \u2013 v\u017edy vla\u017enou vodou. Hork\u00e1 k\u00e1va nebo \u010daj \u017eiv\u00e9 bakterie zahub\u00ed.<\/p>\n\n\n\n<p class=\"wp-block-paragraph\"><strong>D\u00e9lka k\u00fary<\/strong> \u2013 minim\u00e1ln\u011b 4\u20136 t\u00fddn\u016f, ide\u00e1ln\u011b 2\u20133 m\u011bs\u00edce. Probiotika pot\u0159ebuj\u00ed \u010das, aby os\u00eddlila sliznice a vytvo\u0159ila stabiln\u00ed komunitu.<\/p>\n\n\n\n<p class=\"wp-block-paragraph\"><strong>Podpora stravou<\/strong> \u2013 <a href=\"https:\/\/roveja.cz\/vitaminy-a-doplnky-stravy\/79-probiotika-pro-zeny-0761742697315.html\">probiotika<\/a> funguj\u00ed nejl\u00e9pe v kombinaci s vl\u00e1kninou a prebiotiky \u2013 \u010desnek, cibule, ban\u00e1ny, celozrnn\u00e9 obiloviny. Tyto potraviny slou\u017e\u00ed jako v\u00fd\u017eiva pro prosp\u011b\u0161n\u00e9 bakterie.<\/p>\n\n\n\n<p class=\"wp-block-paragraph\"><strong>Forma<\/strong> \u2013 kapsle s acidorezistentn\u00edm obalem p\u0159e\u017eij\u00ed \u017ealude\u010dn\u00ed kyselinu v\u00fdrazn\u011b l\u00e9pe ne\u017e pr\u00e1\u0161ky, kapky nebo \u017ev\u00fdkac\u00ed tablety.<\/p>\n\n\n\n<h2 class=\"wp-block-heading\">Nej\u010dast\u011bj\u0161\u00ed chyby p\u0159i v\u00fdb\u011bru<\/h2>\n\n\n\n<p class=\"wp-block-paragraph\"><strong>Kupovat podle po\u010dtu CFU<\/strong> \u2013 vysok\u00e9 \u010d\u00edslo na obalu neznamen\u00e1 kvalitu. D\u016fle\u017eit\u011bj\u0161\u00ed je, jak\u00e9 kmeny p\u0159\u00edpravek obsahuje a zda jsou relevantn\u00ed pro \u017eensk\u00e9 t\u011blo.<\/p>\n\n\n\n<p class=\"wp-block-paragraph\"><strong>Volit univerz\u00e1ln\u00ed probiotikum<\/strong> \u2013 p\u0159\u00edpravek \u201epro celou rodinu&#8220; v\u011bt\u0161inou neobsahuje kmeny pot\u0159ebn\u00e9 pro vagin\u00e1ln\u00ed zdrav\u00ed.<\/p>\n\n\n\n<p class=\"wp-block-paragraph\"><strong>P\u0159estat p\u0159\u00edli\u0161 brzy<\/strong> \u2013 po dvou t\u00fddnech to \u201enefunguje&#8220; neznamen\u00e1, \u017ee probiotika jsou \u0161patn\u00e1. Mikrobiom se p\u0159ebudov\u00e1v\u00e1 pomalu.<\/p>\n\n\n\n<p class=\"wp-block-paragraph\"><strong>Ignorovat skladov\u00e1n\u00ed<\/strong> \u2013 n\u011bkter\u00e1 probiotika vy\u017eaduj\u00ed uchov\u00e1v\u00e1n\u00ed v lednici. P\u0159i pokojov\u00e9 teplot\u011b mohou bakterie odum\u0159\u00edt je\u0161t\u011b p\u0159ed spot\u0159ebou.<\/p>\n","protected":false},"excerpt":{"rendered":"<p>Probiotik je na trhu nep\u0159ebern\u00e9 mno\u017estv\u00ed, ale ne ka\u017ed\u00e9 je vhodn\u00e9 pro \u017eensk\u00e9 t\u011blo. Zjist\u011bte, jak\u00e9 kmeny hledat, kolik CFU skute\u010dn\u011b pot\u0159ebujete a kdy m\u00e1 suplementace nejv\u011bt\u0161\u00ed smysl. V tomto \u010dl\u00e1nku se dozv\u00edte Pro\u010d \u017eeny pot\u0159ebuj\u00ed jin\u00e1 probiotika ne\u017e mu\u017ei \u017densk\u00e9 t\u011blo mus\u00ed udr\u017eovat rovnov\u00e1hu ve dvou kl\u00ed\u010dov\u00fdch oblastech ve st\u0159evech a v pochv\u011b. Ob\u011b [&hellip;]<\/p>\n","protected":false},"author":1,"featured_media":22911,"comment_status":"open","ping_status":"open","sticky":false,"template":"","format":"standard","meta":{"_sitemap_exclude":false,"_sitemap_priority":"","_sitemap_frequency":"","tdm_status":"","tdm_grid_status":"","footnotes":""},"categories":[7],"tags":[],"class_list":["post-22907","post","type-post","status-publish","format-standard","has-post-thumbnail","category-pro-zeny"],"amp_enabled":false,"_links":{"self":[{"href":"https:\/\/e-zena.cz\/index.php?rest_route=\/wp\/v2\/posts\/22907","targetHints":{"allow":["GET"]}}],"collection":[{"href":"https:\/\/e-zena.cz\/index.php?rest_route=\/wp\/v2\/posts"}],"about":[{"href":"https:\/\/e-zena.cz\/index.php?rest_route=\/wp\/v2\/types\/post"}],"author":[{"embeddable":true,"href":"https:\/\/e-zena.cz\/index.php?rest_route=\/wp\/v2\/users\/1"}],"replies":[{"embeddable":true,"href":"https:\/\/e-zena.cz\/index.php?rest_route=%2Fwp%2Fv2%2Fcomments&post=22907"}],"version-history":[{"count":1,"href":"https:\/\/e-zena.cz\/index.php?rest_route=\/wp\/v2\/posts\/22907\/revisions"}],"predecessor-version":[{"id":22912,"href":"https:\/\/e-zena.cz\/index.php?rest_route=\/wp\/v2\/posts\/22907\/revisions\/22912"}],"wp:featuredmedia":[{"embeddable":true,"href":"https:\/\/e-zena.cz\/index.php?rest_route=\/wp\/v2\/media\/22911"}],"wp:attachment":[{"href":"https:\/\/e-zena.cz\/index.php?rest_route=%2Fwp%2Fv2%2Fmedia&parent=22907"}],"wp:term":[{"taxonomy":"category","embeddable":true,"href":"https:\/\/e-zena.cz\/index.php?rest_route=%2Fwp%2Fv2%2Fcategories&post=22907"},{"taxonomy":"post_tag","embeddable":true,"href":"https:\/\/e-zena.cz\/index.php?rest_route=%2Fwp%2Fv2%2Ftags&post=22907"}],"curies":[{"name":"wp","href":"https:\/\/api.w.org\/{rel}","templated":true}]}}