{"id":22903,"date":"2026-04-08T18:17:26","date_gmt":"2026-04-08T17:17:26","guid":{"rendered":"https:\/\/e-zena.cz\/?p=22903"},"modified":"2026-04-08T18:17:27","modified_gmt":"2026-04-08T17:17:27","slug":"zhave-novinky-z-oblasti-potreb-pro-deti-i-nastavajici-maminky-zdrave-stravy-i-hracek-predstavi-veletrh-for-kids","status":"publish","type":"post","link":"https:\/\/e-zena.cz\/?p=22903","title":{"rendered":"\u017dhav\u00e9 novinky z oblasti pot\u0159eb pro d\u011bti i nast\u00e1vaj\u00edc\u00ed maminky, zdrav\u00e9 stravy i hra\u010dek p\u0159edstav\u00ed veletrh FOR KIDS"},"content":{"rendered":"\n<p class=\"wp-block-paragraph\"><strong>Ve dnech 17. a\u017e 19. dubna 2026 se pra\u017esk\u00fdch Let\u0148anech uskute\u010dn\u00ed dal\u0161\u00ed ro\u010dn\u00edk veletrhu FOR KIDS. N\u00e1v\u0161t\u011bvn\u00edci se mohou t\u011b\u0161it na \u0159adu zaj\u00edmav\u00fdch novinek, \u0161irokou nab\u00eddku produkt\u016f nap\u0159\u00ed\u010d v\u0161emi kategoriemi spadaj\u00edc\u00edmi do p\u00e9\u010de o t\u011bhotn\u00e9 i d\u011bti v\u0161ech v\u011bkov\u00fdch kategori\u00ed, z\u00edskaj\u00ed inspiraci co se t\u00fdk\u00e1 krou\u017ek\u016f, p\u0159\u00edm\u011bstsk\u00fdch i letn\u00edch t\u00e1bor\u016f a velk\u00fd prostor dostane i z\u00e1bava. Partnerem pro energetiku v\u00fdstavi\u0161t\u011b PVA EXPO PRAHA je spole\u010dnost PKV Build, s.r.o.<\/strong><\/p>\n\n\n\n<p class=\"wp-block-paragraph\">V&nbsp;r\u00e1mci veletrhu FOR KIDS se op\u011bt p\u0159edstav\u00ed \u0161irok\u00e9 portfolio tuzemsk\u00fdch i zahrani\u010dn\u00edch firem a zna\u010dek. Nap\u0159. Mlaskni.cz p\u0159edvede ovocn\u00e9 ty\u010dinky a gurm\u00e1nsk\u00e9 oleje, Health Academy pr\u00e9miov\u00e9 kojeneck\u00e9 a d\u011btsk\u00e9 v\u00fd\u017eivy a ekologick\u00e9 d\u011btsk\u00e9 pleny. Hry a knihy bude mimo jin\u00e9 zastupovat ALBI a SVOJTKA &amp; Co, Slezsk\u00e1 Harmonia nab\u00eddne ru\u010dn\u011b \u0161it\u00e9 l\u016f\u017ekoviny, ale i ve\u0161kerou v\u00fdbavu pro miminka, pot\u0159eb do ko\u010d\u00e1rku, post\u00fdlky, d\u011btsk\u00e9ho pokoje i lo\u017enic, Malv\u00edk p\u0159edstav\u00ed novinky od Maxi Cosi \u010di Little Dutch, ale p\u0159\u00edtomna bude i \u0159ada dal\u0161\u00edch.<\/p>\n\n\n\n<p class=\"wp-block-paragraph\">\u201e<em>Jarn\u00ed veletrh FOR KIDS bude nejen o novink\u00e1ch a nejnov\u011bj\u0161\u00edch trendech nap\u0159\u00ed\u010d v\u0161emi obory, kter\u00e9 k&nbsp;t\u011bhotenstv\u00ed, rodi\u010dovstv\u00ed a d\u011btem v\u0161ech v\u011bkov\u00fdch kategori\u00ed spadaj\u00ed, ale bude zde i velk\u00fd prostor pro z\u00e1bavu i vzd\u011bl\u00e1v\u00e1n\u00ed a j\u00e1 pevn\u011b v\u011b\u0159\u00edm, \u017ee si s&nbsp;n\u00e1mi n\u00e1v\u0161t\u011bvn\u00edci str\u00e1ven\u00fd \u010das na let\u0148ansk\u00e9m v\u00fdstavi\u0161ti u\u017eij\u00ed. Z\u00e1rove\u0148 jsem velmi r\u00e1da, \u017ee jim budeme op\u011bt moci v&nbsp;r\u00e1mci FOR KIDS p\u0159edstavit Klokart, charitativn\u00ed projekt Fondu ohro\u017een\u00fdch d\u011bn\u00ed,\u201c <\/em>\u0159\u00edk\u00e1 mana\u017eerka veletrhu Monika Pavl\u00ed\u010dkov\u00e1.<\/p>\n\n\n\n<p class=\"wp-block-paragraph\"><strong>Premi\u00e9ra v&nbsp;r\u00e1mci veletrhu<\/strong><\/p>\n\n\n\n<p class=\"wp-block-paragraph\">Sv\u016fj debut si v&nbsp;r\u00e1mci veletrhu FOR KIDS odbude firma Jadob mimo jin\u00e9 se sv\u00fdmi chladiv\u00fdmi hydrogelov\u00fdmi n\u00e1plastmi p\u0159in\u00e1\u0161ej\u00edc\u00edmi \u00falevu p\u0159i hore\u010dce, po o\u010dkov\u00e1n\u00ed, migr\u00e9n\u011b, bolesti zub\u016f, p\u0159eh\u0159\u00e1t\u00ed organismu \u010di drobn\u00fdch pop\u00e1lenin\u00e1ch. D\u00e1le Electronic Emergency Brake s&nbsp;jedine\u010dnou d\u00e1lkov\u011b ovl\u00e1danou elektronickou brzdou pro d\u011btsk\u00e1 kola Brakee a v&nbsp;neposledn\u00ed \u0159ad\u011b polsk\u00e1 firma Espiro specializuj\u00edc\u00ed se na v\u00fdrobu d\u011btsk\u00fdch ko\u010d\u00e1rk\u016f a p\u0159\u00edslu\u0161enstv\u00ed. Je zn\u00e1m\u00e1 modern\u00edm designem, vysokou kvalitou zpracov\u00e1n\u00ed a d\u016frazem na funk\u010dnost i bezpe\u010dnost.<\/p>\n\n\n\n<p class=\"wp-block-paragraph\"><strong>T\u0159i dny pln\u00e9 z\u00e1bavy pro v\u0161echny v\u011bkov\u00e9 kategorie<\/strong><\/p>\n\n\n\n<p class=\"wp-block-paragraph\">O z\u00e1bavu se v&nbsp;r\u00e1mci veletrhu FOR KIDS postar\u00e1 soub\u011b\u017en\u011b b\u011b\u017e\u00edc\u00ed Bezva Fest , kter\u00fd dostane sv\u016fj prostor hned v n\u011bkolika hal\u00e1ch a v ka\u017ed\u00e9 z nich bude na p\u0159\u00edchoz\u00ed \u010dekat po\u0159\u00e1dn\u00e1 d\u00e1vka energie, hudby a z\u00e1\u017eitk\u016f. Ka\u017ed\u00fd si tu najde to sv\u00e9. P\u00e1te\u010dn\u00ed program Bezva Festu je navr\u017een\u00fd speci\u00e1ln\u011b pro \u0161koly (M\u0160, Z\u0160, S\u0160), ale ani v&nbsp;sobotu a ned\u011bli se p\u0159\u00edchoz\u00ed rozhodn\u011b nudit nebudou. P\u0159ipraveno je hned n\u011bkolik tematick\u00fdch z\u00f3n \u2013 Nintendo, K-pop, parkour, kosti\u010dky, princezny, gaming a Dino, ty dopln\u00ed mimo jin\u00e9 YoYo show, v\u011bdeck\u00e1 show IQlandia, pr\u016fvod ob\u0159\u00edch masek a kost\u00fdm\u016f, workshop na sk\u00e1kac\u00edch botech Kangoo Jumping \u010di kurz prvn\u00ed pomoci pro miminka a d\u011bti a mnoho dal\u0161\u00edho.<\/p>\n\n\n\n<p class=\"wp-block-paragraph\"><strong>Podrobnosti najdete na <\/strong><a href=\"http:\/\/www.forkids.cz\/\"><strong>www.forkids.cz<\/strong><\/a><strong>.<\/strong><\/p>\n","protected":false},"excerpt":{"rendered":"<p>Ve dnech 17. a\u017e 19. dubna 2026 se pra\u017esk\u00fdch Let\u0148anech uskute\u010dn\u00ed dal\u0161\u00ed ro\u010dn\u00edk veletrhu FOR KIDS. N\u00e1v\u0161t\u011bvn\u00edci se mohou t\u011b\u0161it na \u0159adu zaj\u00edmav\u00fdch novinek, \u0161irokou nab\u00eddku produkt\u016f nap\u0159\u00ed\u010d v\u0161emi kategoriemi spadaj\u00edc\u00edmi do p\u00e9\u010de o t\u011bhotn\u00e9 i d\u011bti v\u0161ech v\u011bkov\u00fdch kategori\u00ed, z\u00edskaj\u00ed inspiraci co se t\u00fdk\u00e1 krou\u017ek\u016f, p\u0159\u00edm\u011bstsk\u00fdch i letn\u00edch t\u00e1bor\u016f a velk\u00fd prostor dostane i [&hellip;]<\/p>\n","protected":false},"author":1,"featured_media":22904,"comment_status":"open","ping_status":"open","sticky":false,"template":"","format":"standard","meta":{"_sitemap_exclude":false,"_sitemap_priority":"","_sitemap_frequency":"","tdm_status":"","tdm_grid_status":"","footnotes":""},"categories":[7],"tags":[],"class_list":["post-22903","post","type-post","status-publish","format-standard","has-post-thumbnail","category-pro-zeny"],"amp_enabled":false,"_links":{"self":[{"href":"https:\/\/e-zena.cz\/index.php?rest_route=\/wp\/v2\/posts\/22903","targetHints":{"allow":["GET"]}}],"collection":[{"href":"https:\/\/e-zena.cz\/index.php?rest_route=\/wp\/v2\/posts"}],"about":[{"href":"https:\/\/e-zena.cz\/index.php?rest_route=\/wp\/v2\/types\/post"}],"author":[{"embeddable":true,"href":"https:\/\/e-zena.cz\/index.php?rest_route=\/wp\/v2\/users\/1"}],"replies":[{"embeddable":true,"href":"https:\/\/e-zena.cz\/index.php?rest_route=%2Fwp%2Fv2%2Fcomments&post=22903"}],"version-history":[{"count":1,"href":"https:\/\/e-zena.cz\/index.php?rest_route=\/wp\/v2\/posts\/22903\/revisions"}],"predecessor-version":[{"id":22905,"href":"https:\/\/e-zena.cz\/index.php?rest_route=\/wp\/v2\/posts\/22903\/revisions\/22905"}],"wp:featuredmedia":[{"embeddable":true,"href":"https:\/\/e-zena.cz\/index.php?rest_route=\/wp\/v2\/media\/22904"}],"wp:attachment":[{"href":"https:\/\/e-zena.cz\/index.php?rest_route=%2Fwp%2Fv2%2Fmedia&parent=22903"}],"wp:term":[{"taxonomy":"category","embeddable":true,"href":"https:\/\/e-zena.cz\/index.php?rest_route=%2Fwp%2Fv2%2Fcategories&post=22903"},{"taxonomy":"post_tag","embeddable":true,"href":"https:\/\/e-zena.cz\/index.php?rest_route=%2Fwp%2Fv2%2Ftags&post=22903"}],"curies":[{"name":"wp","href":"https:\/\/api.w.org\/{rel}","templated":true}]}}