{"id":22823,"date":"2025-09-17T09:09:33","date_gmt":"2025-09-17T08:09:33","guid":{"rendered":"https:\/\/e-zena.cz\/?p=22823"},"modified":"2025-09-17T09:09:34","modified_gmt":"2025-09-17T08:09:34","slug":"5-evropskych-zemi-kde-si-muzete-prodlouzit-leto","status":"publish","type":"post","link":"https:\/\/e-zena.cz\/?p=22823","title":{"rendered":"5 evropsk\u00fdch zem\u00ed, kde si m\u016f\u017eete prodlou\u017eit l\u00e9to"},"content":{"rendered":"\n<p class=\"wp-block-paragraph\">Kdy\u017e u n\u00e1s za\u010d\u00ednaj\u00ed prvn\u00ed rann\u00ed mlhy a list\u00ed se barv\u00ed do zlatav\u00fdch odst\u00edn\u016f, v n\u011bkter\u00fdch \u010d\u00e1stech Evropy l\u00e9to je\u0161t\u011b zdaleka nekon\u010d\u00ed. Pokud v\u00e1m hork\u00e9 dny utekly p\u0159\u00edli\u0161 rychle nebo se v\u00e1m prost\u011b nechce do kab\u00e1t\u016f a \u0161\u00e1l, m\u00e1me pro v\u00e1s tipy na destinace, kde si m\u016f\u017eete u\u017e\u00edt mo\u0159e, slunce i pohodu je\u0161t\u011b dlouho pot\u00e9, co se u n\u00e1s ochlad\u00ed.<\/p>\n\n\n\n<h3 class=\"wp-block-heading\">Malta \u2013 slunce i historie bez dav\u016f<\/h3>\n\n\n\n<p class=\"wp-block-paragraph\">Podzim na Malt\u011b je jako l\u00e9to bez n\u00e1val\u016f turist\u016f. Teploty se dr\u017e\u00ed kolem 20 \u00b0C a mo\u0159e je je\u0161t\u011b p\u0159\u00edjemn\u011b tepl\u00e9, tak\u017ee si klidn\u011b u\u017eijete koup\u00e1n\u00ed. A to klidn\u011b a\u017e do druh\u00e9 poloviny \u0159\u00edjna.<\/p>\n\n\n\n<p class=\"wp-block-paragraph\">Valletta v\u00e1s nadchne sv\u00fdmi medov\u011b zbarven\u00fdmi domy a \u00fazk\u00fdmi uli\u010dkami, kter\u00e9 d\u00fdchaj\u00ed histori\u00ed. A pokud zatou\u017e\u00edte po klidn\u011bj\u0161\u00ed atmosf\u00e9\u0159e, vyrazte na ostrov Gozo. Tamn\u00ed Ramla Bay s \u010derven\u00fdm p\u00edskem a dramatick\u00e9 \u00fatesy jsou jako stvo\u0159en\u00e9 pro odpo\u010dinek i fotky, kter\u00e9 v\u00e1m bude ka\u017ed\u00fd z\u00e1vid\u011bt.<\/p>\n\n\n\n<p class=\"wp-block-paragraph\">Milovn\u00edky pr\u016fzra\u010dn\u00e9 vody nadchne i mal\u00fd ostrov&nbsp;<strong>Comino<\/strong>, zn\u00e1m\u00fd svou Blue Lagoon, tedy lagunou s neuv\u011b\u0159iteln\u011b tyrkysov\u00fdm mo\u0159em, kter\u00e9 p\u0159ipom\u00edn\u00e1 Karibik. Na podzim tu b\u00fdv\u00e1 klidn\u011bji ne\u017e v hlavn\u00ed sez\u00f3n\u011b, tak\u017ee si koup\u00e1n\u00ed i \u0161norchlov\u00e1n\u00ed vychutn\u00e1te bez tla\u010denic.<\/p>\n\n\n\n<p class=\"wp-block-paragraph\">Malta pot\u011b\u0161\u00ed i milovn\u00edky historie. T\u0159eba chr\u00e1my \u0120gantija na Gozu, kter\u00e9 jsou dokonce star\u0161\u00ed ne\u017e egyptsk\u00e9 pyramidy.<\/p>\n\n\n\n<p class=\"wp-block-paragraph\">A ve\u010der? M\u00edstn\u00ed taverny a bary s v\u00fdhledem na mo\u0159e jsou ide\u00e1ln\u00edm m\u00edstem pro sklenku v\u00edna p\u0159i z\u00e1padu slunce.<\/p>\n\n\n\n<h3 class=\"wp-block-heading\">Kypr \u2013 m\u00edsto, kde se zrodila Afrodita<\/h3>\n\n\n\n<p class=\"wp-block-paragraph\">\u0158\u00edjen a listopad jsou na Kypru ide\u00e1ln\u00ed. U\u017e nen\u00ed takov\u00e9 horko, ale mo\u0159e je po\u0159\u00e1d dostate\u010dn\u011b tepl\u00e9. Na ji\u017en\u00edm pob\u0159e\u017e\u00ed kolem Larnaky \u010di Limassolu najdete \u017eiv\u00e1 letoviska, ale pokud hled\u00e1te klid, zami\u0159te do horsk\u00fdch vesnic v poho\u0159\u00ed Troodos \u2013 tam jako by se zastavil \u010das.<\/p>\n\n\n\n<p class=\"wp-block-paragraph\">V Pafosu m\u016f\u017eete obdivovat n\u00e1dhern\u00e9 antick\u00e9 mozaiky zapsan\u00e9 na seznam UNESCO, zat\u00edmco Petra tou Romiou \u2013 podle legendy m\u00edsto zrozen\u00ed bohyn\u011b Afrodit\u00e9 \u2013 v\u00e1s nadchne romantickou atmosf\u00e9rou. A pokud r\u00e1dy objevujete chut\u011b, ochutnejte slavnou commandarii \u2013 v\u00edno, kter\u00e9 se tu vyr\u00e1b\u00ed u\u017e tis\u00edce let.<\/p>\n\n\n\n<h3 class=\"wp-block-heading\">Madeira \u2013 ostrov v\u011b\u010dn\u00e9ho jara<\/h3>\n\n\n\n<p class=\"wp-block-paragraph\">Madeira je skute\u010dn\u00fd klenot Atlantiku a \u010dasto se j\u00ed p\u0159ezd\u00edv\u00e1 \u201eostrov v\u011b\u010dn\u00e9ho jara\u201c. Nen\u00ed divu, teploty se tu i na podzim dr\u017e\u00ed kolem p\u0159\u00edjemn\u00fdch 23 \u00b0C a oce\u00e1n l\u00e1k\u00e1 k osv\u011b\u017een\u00ed vodou vyh\u0159\u00e1tou na 22 \u00b0C.<\/p>\n\n\n\n<p class=\"wp-block-paragraph\">Pokud v\u00e1s l\u00e1k\u00e1 kombinace p\u0159\u00edrody a kultury, Funchal v\u00e1s nadchne. A co \u017ee do podniknout&nbsp;<a href=\"https:\/\/dravazena.cz\/funchal-co-navstivit-v-hlavnim-meste-madeiry\/\">ve Funchalu<\/a>? Projd\u011bte se jeho uli\u010dkami a ochutnejte sklenku slavn\u00e9ho v\u00edna Madeira nebo ponchy p\u0159\u00edmo tam, kde vznik\u00e1. Nezapome\u0148te na lanovku na Monte, odkud se otev\u00edr\u00e1 n\u00e1dhern\u00fd v\u00fdhled na m\u011bsto i oce\u00e1n. Odv\u00e1\u017en\u011bj\u0161\u00ed cestovatelky si pak mohou vyzkou\u0161et tradi\u010dn\u00ed j\u00edzdu v prout\u011bn\u00fdch san\u00edch, o kter\u00e9 budete je\u0161t\u011b dlouho vypr\u00e1v\u011bt p\u0159\u00e1tel\u016fm.<\/p>\n\n\n\n<p class=\"wp-block-paragraph\">Madeira ale nen\u00ed jen hlavn\u00ed m\u011bsto. Vydejte se pod\u00e9l lev\u00e1d \u2013 zavla\u017eovac\u00edch kan\u00e1l\u016f obklopen\u00fdch bujnou zelen\u00ed \u2013 nebo na sever do Porto Moniz, kde v\u00e1s \u010dekaj\u00ed p\u0159\u00edrodn\u00ed l\u00e1vov\u00e9 baz\u00e9ny. A kdy\u017e zatou\u017e\u00edte po klidu, men\u0161\u00ed vesni\u010dky v\u00e1m uk\u00e1\u017eou, jak se tu \u017eije v poklidn\u00e9m tempu, daleko od turistick\u00e9ho ruchu.<\/p>\n\n\n\n<figure class=\"wp-block-image size-large\"><img loading=\"lazy\" decoding=\"async\" width=\"840\" height=\"840\" src=\"https:\/\/e-zena.cz\/wp-content\/uploads\/2025\/09\/madeira_5evropskychzemikdesimuzeteprodlouzitleto-840x840.jpg\" alt=\"\" class=\"wp-image-22824\"\/><\/figure>\n\n\n\n<h3 class=\"wp-block-heading\">Kan\u00e1rsk\u00e9 ostrovy \u2013 vhodn\u00e9 v\u017edy a pro ka\u017ed\u00e9ho<\/h3>\n\n\n\n<p class=\"wp-block-paragraph\">Kan\u00e1rsk\u00e9 ostrovy jsou doslova evropsk\u00fdm l\u00e9tem u b\u0159eh\u016f Afriky. D\u00edky p\u0159\u00edjemn\u00e9mu klimatu tu sez\u00f3na nikdy nekon\u010d\u00ed.<\/p>\n\n\n\n<p class=\"wp-block-paragraph\">Na Tenerife m\u016f\u017eete vystoupat na Pico del Teide, nejvy\u0161\u0161\u00ed horu \u0160pan\u011blska, nebo se proj\u00edt lun\u00e1rn\u00ed krajinou n\u00e1rodn\u00edho parku. Na severu ostrova pak najdete zelen\u00e9 lesy a mal\u00e9 vesni\u010dky s tradi\u010dn\u00ed atmosf\u00e9rou.<\/p>\n\n\n\n<p class=\"wp-block-paragraph\">Gran Canaria v\u00e1s p\u0159ekvap\u00ed svou rozmanitost\u00ed \u2013 od p\u00edse\u010dn\u00fdch dun v Maspalomas p\u0159es malebn\u00e1 m\u011bste\u010dka jako Teror a\u017e po divok\u00e9 sout\u011bsky. A kdy\u017e budete m\u00edt \u0161t\u011bst\u00ed, vyrazte na lodn\u00ed v\u00fdlet za delf\u00edny a velrybami, kter\u00e9 se tu objevuj\u00ed po cel\u00fd rok.<\/p>\n\n\n\n<p class=\"wp-block-paragraph\">Kan\u00e1rsk\u00e1 kuchyn\u011b v\u00e1s nav\u00edc zah\u0159eje \u2013 zkuste mal\u00e9 vr\u00e1s\u010dit\u00e9 brambory \u201epapas arrugadas\u201c s pikantn\u00ed mojo om\u00e1\u010dkou, to je prost\u011b nutnost.<\/p>\n\n\n\n<h3 class=\"wp-block-heading\">\u0158ecko \u2013 Kr\u00e9ta mimo hlavn\u00ed sez\u00f3nu<\/h3>\n\n\n\n<p class=\"wp-block-paragraph\">Na podzim se Kr\u00e9ta uklidn\u00ed a odhal\u00ed svou pravou tv\u00e1\u0159. M\u00edstn\u00ed se vrac\u00ed ke ka\u017edodenn\u00edmu rytmu, ceny v hotelech klesaj\u00ed a taverny se pln\u00ed sp\u00ed\u0161e dom\u00e1c\u00edmi ne\u017e turisty.<\/p>\n\n\n\n<p class=\"wp-block-paragraph\">Po\u010das\u00ed je st\u00e1le l\u00e1kav\u00e9 \u2013 kolem 22 \u00b0C \u2013 tak\u017ee ide\u00e1ln\u00ed pro v\u00fdlety. A\u0165 u\u017e do slavn\u00e9 Samari\u00e1nsk\u00e9 sout\u011bsky, nebo na romantick\u00e9 pl\u00e1\u017ee Elafonisi a Balos, kde si u\u017eijete azurovou vodu bez pr\u00e1zdninov\u00fdch dav\u016f.<\/p>\n\n\n\n<p class=\"wp-block-paragraph\">M\u011bsto Chania s ben\u00e1tsk\u00fdm p\u0159\u00edstavem p\u016fsob\u00ed v z\u00e1\u0159\u00ed \u010di \u0159\u00edjnu kouzeln\u011b a n\u00e1v\u0161t\u011bva pal\u00e1ce v Knossos je bez dlouh\u00fdch front mnohem p\u0159\u00edjemn\u011bj\u0161\u00ed. A co teprve j\u00eddlo! \u010cerstv\u00e9 olivy, dom\u00e1c\u00ed s\u00fdr feta, hust\u00e9 tzatziki a m\u00edstn\u00ed v\u00edno b\u011bhem sklizn\u011b chutnaj\u00ed prost\u011b nejl\u00e9pe.<\/p>\n\n\n\n<h3 class=\"wp-block-heading\">Z\u00e1v\u011brem<\/h3>\n\n\n\n<p class=\"wp-block-paragraph\">\u010cesk\u00e9 l\u00e9to se letos \u00fapln\u011b nepovedlo, tak to do\u017ee\u0148me jinde! Evropa nab\u00edz\u00ed spoustu m\u00edst, kde si i v \u0159\u00edjnu nebo listopadu u\u017eijete slunce, mo\u0159e i m\u00edstn\u00ed atmosf\u00e9ru bez tla\u010denic. A\u0165 u\u017e zvol\u00edte Madeiru, Maltu, Kypr, Kan\u00e1ry nebo Kr\u00e9tu, \u010dekaj\u00ed v\u00e1s dny pln\u00e9 pohody, kr\u00e1sn\u00e9 p\u0159\u00edrody a dobr\u00e9ho j\u00eddla. Sta\u010d\u00ed se jen rozhodnout, kde na\u010derp\u00e1te svou d\u00e1vku vitam\u00ednu D a nezapomenuteln\u00fdch cestovatelsk\u00fdch z\u00e1\u017eitk\u016f.<\/p>\n","protected":false},"excerpt":{"rendered":"<p>Kdy\u017e u n\u00e1s za\u010d\u00ednaj\u00ed prvn\u00ed rann\u00ed mlhy a list\u00ed se barv\u00ed do zlatav\u00fdch odst\u00edn\u016f, v n\u011bkter\u00fdch \u010d\u00e1stech Evropy l\u00e9to je\u0161t\u011b zdaleka nekon\u010d\u00ed. Pokud v\u00e1m hork\u00e9 dny utekly p\u0159\u00edli\u0161 rychle nebo se v\u00e1m prost\u011b nechce do kab\u00e1t\u016f a \u0161\u00e1l, m\u00e1me pro v\u00e1s tipy na destinace, kde si m\u016f\u017eete u\u017e\u00edt mo\u0159e, slunce i pohodu je\u0161t\u011b dlouho pot\u00e9, [&hellip;]<\/p>\n","protected":false},"author":1,"featured_media":22825,"comment_status":"open","ping_status":"open","sticky":false,"template":"","format":"standard","meta":{"_sitemap_exclude":false,"_sitemap_priority":"","_sitemap_frequency":"","tdm_status":"","tdm_grid_status":"","footnotes":""},"categories":[4],"tags":[],"class_list":["post-22823","post","type-post","status-publish","format-standard","has-post-thumbnail","category-cestovani"],"amp_enabled":false,"_links":{"self":[{"href":"https:\/\/e-zena.cz\/index.php?rest_route=\/wp\/v2\/posts\/22823","targetHints":{"allow":["GET"]}}],"collection":[{"href":"https:\/\/e-zena.cz\/index.php?rest_route=\/wp\/v2\/posts"}],"about":[{"href":"https:\/\/e-zena.cz\/index.php?rest_route=\/wp\/v2\/types\/post"}],"author":[{"embeddable":true,"href":"https:\/\/e-zena.cz\/index.php?rest_route=\/wp\/v2\/users\/1"}],"replies":[{"embeddable":true,"href":"https:\/\/e-zena.cz\/index.php?rest_route=%2Fwp%2Fv2%2Fcomments&post=22823"}],"version-history":[{"count":1,"href":"https:\/\/e-zena.cz\/index.php?rest_route=\/wp\/v2\/posts\/22823\/revisions"}],"predecessor-version":[{"id":22826,"href":"https:\/\/e-zena.cz\/index.php?rest_route=\/wp\/v2\/posts\/22823\/revisions\/22826"}],"wp:featuredmedia":[{"embeddable":true,"href":"https:\/\/e-zena.cz\/index.php?rest_route=\/wp\/v2\/media\/22825"}],"wp:attachment":[{"href":"https:\/\/e-zena.cz\/index.php?rest_route=%2Fwp%2Fv2%2Fmedia&parent=22823"}],"wp:term":[{"taxonomy":"category","embeddable":true,"href":"https:\/\/e-zena.cz\/index.php?rest_route=%2Fwp%2Fv2%2Fcategories&post=22823"},{"taxonomy":"post_tag","embeddable":true,"href":"https:\/\/e-zena.cz\/index.php?rest_route=%2Fwp%2Fv2%2Ftags&post=22823"}],"curies":[{"name":"wp","href":"https:\/\/api.w.org\/{rel}","templated":true}]}}