{"id":22768,"date":"2025-01-23T18:03:01","date_gmt":"2025-01-23T17:03:01","guid":{"rendered":"https:\/\/e-zena.cz\/?p=22768"},"modified":"2025-01-23T18:03:01","modified_gmt":"2025-01-23T17:03:01","slug":"kde-v-praze-najit-kvalifikacni-kurz-pro-pracovniky-v-socialnich-sluzbach","status":"publish","type":"post","link":"https:\/\/e-zena.cz\/?p=22768","title":{"rendered":"Kde v\u00a0Praze naj\u00edt kvalifika\u010dn\u00ed kurz pro pracovn\u00edky v\u00a0soci\u00e1ln\u00edch slu\u017eb\u00e1ch?"},"content":{"rendered":"\n<p class=\"wp-block-paragraph\">V\u0161ichni bychom se m\u011bli alespo\u0148 tu a tam dovzd\u011blat. D\u00edky tomu budeme moci budouc\u00edm potenci\u00e1ln\u00edm zam\u011bstnavatel\u016fm ukazovat, \u017ee roz\u0161i\u0159ujeme nejen svou praxi, ale i znalosti. A tak\u00e9, \u017ee jdeme s&nbsp;dobou. St\u00e1le se n\u011bco vyv\u00edj\u00ed, vznikaj\u00ed nov\u00e9 technologie, nov\u00e9 postupy, aplikace atd., bez nich\u017e se v&nbsp;mnoha oborech s&nbsp;plynouc\u00edm \u010dasem neobejdeme. K&nbsp;takov\u00fdm obor\u016fm, kde je pot\u0159ebn\u00e9 speci\u00e1ln\u00ed vzd\u011bl\u00e1n\u00ed, jsou soci\u00e1ln\u00ed slu\u017eby. Abyste jej mohli vykon\u00e1vat, jde nutn\u00e9 m\u00edt alespo\u0148 rekvalifika\u010dn\u00ed kurz. U n\u00e1s jej v&nbsp;mnoha m\u011bstech i Praze nab\u00edz\u00ed kvalitn\u00ed vzd\u011bl\u00e1vac\u00ed agentura SEDUCA-CZE s.r.o.<\/p>\n\n\n\n<h2 class=\"wp-block-heading\">Vyberte si z&nbsp;nab\u00eddky vzd\u011bl\u00e1v\u00e1n\u00ed pracovn\u00edk\u016f v&nbsp;soci\u00e1ln\u00edch slu\u017eb\u00e1ch<\/h2>\n\n\n\n<p class=\"wp-block-paragraph\">Na webov\u00e9 str\u00e1nce <a href=\"https:\/\/www.seduca.cz\/vzdelavani-pracovniku-v-socialnich-sluzbach\">https:\/\/www.seduca.cz\/vzdelavani-pracovniku-v-socialnich-sluzbach<\/a> najdete nab\u00eddku r\u016fzn\u00e9 typy kurz\u016f vztahuj\u00edc\u00edch se k&nbsp;soci\u00e1ln\u00edm slu\u017eb\u00e1m. M\u016f\u017ee j\u00edt o odv\u011btv\u00ed pe\u010dovatelstv\u00ed a o\u0161et\u0159ovatelstv\u00ed, paliativn\u00ed p\u00e9\u010di, p\u00e9\u010di o osoby se zdravotn\u00ed posti\u017een\u00edm, aktivizaci, rehabilitace a stimulace, bezpe\u010dnou p\u00e9\u010di, standardy kvality, profesn\u00ed etiku, psychologii, psychiatrii, komunikaci a p\u00e9\u010di o pe\u010duj\u00edc\u00ed.<\/p>\n\n\n\n<p class=\"wp-block-paragraph\"><a><\/a>Obl\u00edben\u00fd je <a href=\"https:\/\/www.seduca.cz\/rekvalifikacni-kurzy\/kvalifikacni-rekvalifikacni-kurz-pro-pracovniky-v-socialnich-sluzbach\">Kvalifika\u010dn\u00ed kurz pro pracovn\u00edky v&nbsp;soci\u00e1ln\u00edch slu\u017eb\u00e1ch Praha<\/a>. Nab\u00edzen je i v&nbsp;dal\u0161\u00edch 29 m\u011bstech \u010cR a online. M\u00e1 akreditaci MPSV a p\u0159ijde v\u00e1s na 7&nbsp;300 K\u010d, kdy je mo\u017en\u00e9 kurzovn\u00e9 uhradit po \u010d\u00e1stech ve spl\u00e1tk\u00e1ch, posledn\u00ed spl\u00e1tka je splatn\u00e1 p\u0159ed ukon\u010den\u00edm kurzu. V&nbsp;n\u011bkter\u00fdch p\u0159\u00edpadech je mo\u017en\u00e9 uhradit kurz p\u0159es \u00fa\u0159ad pr\u00e1ce. Obsah kurzu spl\u0148uje po\u017eadavky na odbornou zp\u016fsobilost k&nbsp;v\u00fdkonu povol\u00e1n\u00ed pracovn\u00edka v&nbsp;soci\u00e1ln\u00edch slu\u017eb\u00e1ch dle z\u00e1kona \u010d. 108\/2006 Sb., soci\u00e1ln\u00ed z\u00e1kon.<\/p>\n\n\n\n<p class=\"wp-block-paragraph\">Dozv\u00edte se o standardech kvality soci\u00e1ln\u00edch slu\u017eeb, nau\u010d\u00edte se z\u00e1klady komunikace, rozvinete komunika\u010dn\u00ed dovednosti, asertivn\u00ed komunikace, projdete \u00favod do psychologie, psychopatologie a somatologie, nechyb\u00ed ani z\u00e1klady ochrany zdrav\u00ed, etika v\u00fdkonu \u010dinnosti pracovn\u00edka v&nbsp;soci\u00e1ln\u00edch slu\u017eb\u00e1ch, z\u00e1klady prevence vzniku z\u00e1vislosti osob na soci\u00e1ln\u00ed slu\u017eb\u011b\u2026<\/p>\n\n\n\n<p class=\"wp-block-paragraph\">Kompletn\u00ed informace najdete na seduca.cz.<\/p>\n","protected":false},"excerpt":{"rendered":"<p>V\u0161ichni bychom se m\u011bli alespo\u0148 tu a tam dovzd\u011blat. D\u00edky tomu budeme moci budouc\u00edm potenci\u00e1ln\u00edm zam\u011bstnavatel\u016fm ukazovat, \u017ee roz\u0161i\u0159ujeme nejen svou praxi, ale i znalosti. A tak\u00e9, \u017ee jdeme s&nbsp;dobou. St\u00e1le se n\u011bco vyv\u00edj\u00ed, vznikaj\u00ed nov\u00e9 technologie, nov\u00e9 postupy, aplikace atd., bez nich\u017e se v&nbsp;mnoha oborech s&nbsp;plynouc\u00edm \u010dasem neobejdeme. K&nbsp;takov\u00fdm obor\u016fm, kde je pot\u0159ebn\u00e9 speci\u00e1ln\u00ed [&hellip;]<\/p>\n","protected":false},"author":1,"featured_media":22769,"comment_status":"open","ping_status":"open","sticky":false,"template":"","format":"standard","meta":{"_sitemap_exclude":false,"_sitemap_priority":"","_sitemap_frequency":"","tdm_status":"","tdm_grid_status":"","footnotes":""},"categories":[9],"tags":[],"class_list":["post-22768","post","type-post","status-publish","format-standard","has-post-thumbnail","category-zpravy"],"amp_enabled":false,"_links":{"self":[{"href":"https:\/\/e-zena.cz\/index.php?rest_route=\/wp\/v2\/posts\/22768","targetHints":{"allow":["GET"]}}],"collection":[{"href":"https:\/\/e-zena.cz\/index.php?rest_route=\/wp\/v2\/posts"}],"about":[{"href":"https:\/\/e-zena.cz\/index.php?rest_route=\/wp\/v2\/types\/post"}],"author":[{"embeddable":true,"href":"https:\/\/e-zena.cz\/index.php?rest_route=\/wp\/v2\/users\/1"}],"replies":[{"embeddable":true,"href":"https:\/\/e-zena.cz\/index.php?rest_route=%2Fwp%2Fv2%2Fcomments&post=22768"}],"version-history":[{"count":1,"href":"https:\/\/e-zena.cz\/index.php?rest_route=\/wp\/v2\/posts\/22768\/revisions"}],"predecessor-version":[{"id":22770,"href":"https:\/\/e-zena.cz\/index.php?rest_route=\/wp\/v2\/posts\/22768\/revisions\/22770"}],"wp:featuredmedia":[{"embeddable":true,"href":"https:\/\/e-zena.cz\/index.php?rest_route=\/wp\/v2\/media\/22769"}],"wp:attachment":[{"href":"https:\/\/e-zena.cz\/index.php?rest_route=%2Fwp%2Fv2%2Fmedia&parent=22768"}],"wp:term":[{"taxonomy":"category","embeddable":true,"href":"https:\/\/e-zena.cz\/index.php?rest_route=%2Fwp%2Fv2%2Fcategories&post=22768"},{"taxonomy":"post_tag","embeddable":true,"href":"https:\/\/e-zena.cz\/index.php?rest_route=%2Fwp%2Fv2%2Ftags&post=22768"}],"curies":[{"name":"wp","href":"https:\/\/api.w.org\/{rel}","templated":true}]}}