{"id":22678,"date":"2024-09-20T18:01:23","date_gmt":"2024-09-20T17:01:23","guid":{"rendered":"https:\/\/e-zena.cz\/?p=22678"},"modified":"2024-09-22T17:19:47","modified_gmt":"2024-09-22T16:19:47","slug":"moderni-bydleni-ve-vysocanech-spojeni-historie-prirody-a-komfortu","status":"publish","type":"post","link":"https:\/\/e-zena.cz\/?p=22678","title":{"rendered":"Modern\u00ed bydlen\u00ed ve Vyso\u010danech: Spojen\u00ed historie, p\u0159\u00edrody a komfortu"},"content":{"rendered":"\n<p class=\"wp-block-paragraph\"><strong>Pokud hled\u00e1te bydlen\u00ed, kter\u00e9 spojuje v\u00fdhody m\u011bstsk\u00e9ho \u017eivota s klidem a bl\u00edzkost\u00ed p\u0159\u00edrody, projekt Vyso\u010dansk\u00fd ml\u00fdn v Praze 9 by mohl b\u00fdt p\u0159esn\u011b pro v\u00e1s. Tato lokalita nab\u00edz\u00ed unik\u00e1tn\u00ed propojen\u00ed modern\u00edho bydlen\u00ed s historick\u00fdm n\u00e1dechem a kompletn\u00ed ob\u010danskou vybavenost\u00ed. Poj\u010fme se pod\u00edvat na to, pro\u010d je bydlen\u00ed ve Vyso\u010danech tak atraktivn\u00ed.<\/strong><\/p>\n\n\n\n<h2 class=\"wp-block-heading\">Historick\u00e9 d\u011bdictv\u00ed ve spojen\u00ed s modern\u00edm komfortem<\/h2>\n\n\n\n<p class=\"wp-block-paragraph\">Vyso\u010dany maj\u00ed bohatou historii, kter\u00e1 je \u00fazce spojena s rodinou Odkolk\u016f, zn\u00e1mou svou pek\u00e1renskou tradic\u00ed. Pr\u00e1v\u011b na m\u00edst\u011b, kde se d\u0159\u00edve pekl chl\u00e9b, dnes stoj\u00ed budova ml\u00fdna, kter\u00e1 si dodnes zachovala sv\u016fj historick\u00fd p\u016fvab. Tento unik\u00e1tn\u00ed projekt respektuje historii lokality, ale z\u00e1rove\u0148 p\u0159in\u00e1\u0161\u00ed modern\u00ed \u017eivotn\u00ed standardy. <strong>Vyso\u010dansk\u00fd ml\u00fdn je p\u0159etv\u00e1\u0159en s citem a ohledem na sou\u010dasn\u00e9 pot\u0159eby obyvatel<\/strong>, a proto se zde buduj\u00ed nov\u00e9 stylov\u00e9 byty, kter\u00e9 nab\u00eddnou komfort a eleganci.<\/p>\n\n\n\n<p class=\"wp-block-paragraph\">V r\u00e1mci dal\u0161\u00ed f\u00e1ze projektu zde vznikaj\u00ed byty r\u016fzn\u00fdch velikost\u00ed a dispozic, co\u017e znamen\u00e1, \u017ee si zde mohou naj\u00edt domov jak jednotlivci, tak p\u00e1ry nebo cel\u00e9 rodiny. Ka\u017ed\u00fd byt je navr\u017een s d\u016frazem na kvalitu a modern\u00ed trendy.<\/p>\n\n\n\n<h2 class=\"wp-block-heading\">Vynikaj\u00edc\u00ed ob\u010dansk\u00e1 vybavenost<\/h2>\n\n\n\n<p class=\"wp-block-paragraph\">Komfortn\u00ed bydlen\u00ed nen\u00ed jen o kvalitn\u00edm byt\u011b, ale tak\u00e9 o tom, co nab\u00edz\u00ed okol\u00ed. <strong>Vyso\u010dany v tomto sm\u011bru poskytuj\u00ed ide\u00e1ln\u00ed podm\u00ednky<\/strong>. <a href=\"https:\/\/vysocanskymlyn.cz\/lokalita\/\">Lokalita je velmi dob\u0159e vybavena v\u0161\u00edm, co pot\u0159ebujete k pohodln\u00e9mu \u017eivotu<\/a>. Jen p\u00e1r minut ch\u016fze v\u00e1s d\u011bl\u00ed od obchodn\u00edho centra, restaurac\u00ed, kav\u00e1ren, \u00fa\u0159ad\u016f nebo d\u011btsk\u00fdch h\u0159i\u0161\u0165.<\/p>\n\n\n\n<p class=\"wp-block-paragraph\">Pro rodiny s d\u011btmi je v\u00fdhodou bl\u00edzkost \u0161kol a \u0161kolek, co\u017e usnad\u0148uje ka\u017edodenn\u00ed rutinu. Krom\u011b toho, Vyso\u010dany neust\u00e1le rostou a rozv\u00edjej\u00ed se, co\u017e znamen\u00e1, \u017ee v budoucnu p\u0159ibydou dal\u0161\u00ed slu\u017eby a za\u0159\u00edzen\u00ed, kter\u00e9 p\u0159isp\u011bj\u00ed k je\u0161t\u011b v\u011bt\u0161\u00edmu pohodl\u00ed m\u00edstn\u00edch obyvatel. Pokud si p\u0159ejete u\u017e\u00edt ruch a atmosf\u00e9ru centra Prahy, nen\u00ed nic jednodu\u0161\u0161\u00edho ne\u017e nasednout na MHD, kter\u00e1 v\u00e1s tam zaveze za p\u00e1r minut.<\/p>\n\n\n\n<figure class=\"wp-block-image size-large\"><img loading=\"lazy\" decoding=\"async\" width=\"840\" height=\"711\" src=\"https:\/\/e-zena.cz\/wp-content\/uploads\/2024\/09\/e-zena.cz_vysocanskymlyn_01-840x711.jpg\" alt=\"\" class=\"wp-image-22680\"\/><\/figure>\n\n\n\n<h2 class=\"wp-block-heading\">Klidn\u00e1 a zelen\u00e1 lokalita<\/h2>\n\n\n\n<p class=\"wp-block-paragraph\">P\u0159esto\u017ee jsou Vyso\u010dany sou\u010d\u00e1st\u00ed m\u011bstsk\u00e9ho \u017eivota, lokalita se m\u016f\u017ee pochlubit klidn\u00fdm prost\u0159ed\u00edm, kter\u00e9 vytv\u00e1\u0159\u00ed ide\u00e1ln\u00ed prostor pro odpo\u010dinek. <strong>Domy jsou obklopeny zelen\u00ed, co\u017e poskytuje p\u0159\u00edjemnou atmosf\u00e9ru a pocit soukrom\u00ed<\/strong>.<\/p>\n\n\n\n<p class=\"wp-block-paragraph\">Bl\u00edzkost park\u016f, cyklostezek a dal\u0161\u00edch relaxa\u010dn\u00edch z\u00f3n zaji\u0161\u0165uje, \u017ee si m\u016f\u017eete kdykoli vyrazit na proch\u00e1zku, na kolo nebo t\u0159eba na piknik. Pro rodiny s d\u011btmi je tu spousta m\u00edst, kde si mohou d\u011bti hr\u00e1t, a to v bezpe\u010dn\u00e9m a klidn\u00e9m prost\u0159ed\u00ed. Milovn\u00edci p\u0159\u00edrody jist\u011b ocen\u00ed fakt, \u017ee se pobl\u00ed\u017e nach\u00e1z\u00ed tak\u00e9 vlakov\u00e1 zast\u00e1vka, odkud se snadno dostanete mimo m\u011bsto a m\u016f\u017eete si u\u017e\u00edt v\u00fdlety do p\u0159\u00edrody nebo na venkov.<\/p>\n\n\n\n<h2 class=\"wp-block-heading\">Harmonick\u00e9 propojen\u00ed m\u011bstsk\u00e9ho \u017eivota a p\u0159\u00edrody<\/h2>\n\n\n\n<p class=\"wp-block-paragraph\">Vyso\u010dany nab\u00edz\u00ed perfektn\u00ed kombinaci v\u00fdhod m\u011bstsk\u00e9ho \u017eivota a klidu p\u0159\u00edrody. M\u016f\u017eete si u\u017e\u00edvat rychl\u00fd p\u0159\u00edstup ke v\u0161em d\u016fle\u017eit\u00fdm slu\u017eb\u00e1m, restaurac\u00edm, kav\u00e1rn\u00e1m \u010di \u0161kol\u00e1m, a p\u0159itom m\u00e1te k dispozici spoustu zelen\u011b a m\u00edst k odpo\u010dinku.<\/p>\n\n\n\n<p class=\"wp-block-paragraph\">D\u00edky promy\u0161len\u00e9mu urbanistick\u00e9mu \u0159e\u0161en\u00ed, kter\u00e9 respektuje historii m\u00edsta a z\u00e1rove\u0148 vych\u00e1z\u00ed vst\u0159\u00edc modern\u00edm po\u017eadavk\u016fm na komfortn\u00ed bydlen\u00ed, je <a href=\"https:\/\/vysocanskymlyn.cz\/\">Vyso\u010dansk\u00fd ml\u00fdn skv\u011blou volbou pro v\u0161echny<\/a>, <strong>kdo hledaj\u00ed rovnov\u00e1hu mezi m\u011bstsk\u00fdm ruchem a p\u0159\u00edrodn\u00edm klidem<\/strong>.<\/p>\n","protected":false},"excerpt":{"rendered":"<p>Pokud hled\u00e1te bydlen\u00ed, kter\u00e9 spojuje v\u00fdhody m\u011bstsk\u00e9ho \u017eivota s klidem a bl\u00edzkost\u00ed p\u0159\u00edrody, projekt Vyso\u010dansk\u00fd ml\u00fdn v Praze 9 by mohl b\u00fdt p\u0159esn\u011b pro v\u00e1s. Tato lokalita nab\u00edz\u00ed unik\u00e1tn\u00ed propojen\u00ed modern\u00edho bydlen\u00ed s historick\u00fdm n\u00e1dechem a kompletn\u00ed ob\u010danskou vybavenost\u00ed. Poj\u010fme se pod\u00edvat na to, pro\u010d je bydlen\u00ed ve Vyso\u010danech tak atraktivn\u00ed. Historick\u00e9 d\u011bdictv\u00ed ve spojen\u00ed [&hellip;]<\/p>\n","protected":false},"author":1,"featured_media":22681,"comment_status":"open","ping_status":"open","sticky":false,"template":"","format":"standard","meta":{"_sitemap_exclude":false,"_sitemap_priority":"","_sitemap_frequency":"","tdm_status":"","tdm_grid_status":"","footnotes":""},"categories":[3],"tags":[],"class_list":["post-22678","post","type-post","status-publish","format-standard","has-post-thumbnail","category-bydleni"],"amp_enabled":false,"_links":{"self":[{"href":"https:\/\/e-zena.cz\/index.php?rest_route=\/wp\/v2\/posts\/22678","targetHints":{"allow":["GET"]}}],"collection":[{"href":"https:\/\/e-zena.cz\/index.php?rest_route=\/wp\/v2\/posts"}],"about":[{"href":"https:\/\/e-zena.cz\/index.php?rest_route=\/wp\/v2\/types\/post"}],"author":[{"embeddable":true,"href":"https:\/\/e-zena.cz\/index.php?rest_route=\/wp\/v2\/users\/1"}],"replies":[{"embeddable":true,"href":"https:\/\/e-zena.cz\/index.php?rest_route=%2Fwp%2Fv2%2Fcomments&post=22678"}],"version-history":[{"count":2,"href":"https:\/\/e-zena.cz\/index.php?rest_route=\/wp\/v2\/posts\/22678\/revisions"}],"predecessor-version":[{"id":22684,"href":"https:\/\/e-zena.cz\/index.php?rest_route=\/wp\/v2\/posts\/22678\/revisions\/22684"}],"wp:featuredmedia":[{"embeddable":true,"href":"https:\/\/e-zena.cz\/index.php?rest_route=\/wp\/v2\/media\/22681"}],"wp:attachment":[{"href":"https:\/\/e-zena.cz\/index.php?rest_route=%2Fwp%2Fv2%2Fmedia&parent=22678"}],"wp:term":[{"taxonomy":"category","embeddable":true,"href":"https:\/\/e-zena.cz\/index.php?rest_route=%2Fwp%2Fv2%2Fcategories&post=22678"},{"taxonomy":"post_tag","embeddable":true,"href":"https:\/\/e-zena.cz\/index.php?rest_route=%2Fwp%2Fv2%2Ftags&post=22678"}],"curies":[{"name":"wp","href":"https:\/\/api.w.org\/{rel}","templated":true}]}}