{"id":22609,"date":"2024-04-24T21:14:11","date_gmt":"2024-04-24T20:14:11","guid":{"rendered":"https:\/\/e-zena.cz\/?p=22609"},"modified":"2024-04-24T21:14:12","modified_gmt":"2024-04-24T20:14:12","slug":"vanoce-a-vanocni-vyzdoba-pro-zprijemneni-atmosfery","status":"publish","type":"post","link":"https:\/\/e-zena.cz\/?p=22609","title":{"rendered":"V\u00e1noce a v\u00e1no\u010dn\u00ed v\u00fdzdoba pro zp\u0159\u00edjemn\u011bn\u00ed atmosf\u00e9ry."},"content":{"rendered":"\n<p class=\"wp-block-paragraph\">Tradi\u010dn\u00ed v\u00e1no\u010dn\u00ed dekorac\u00ed je <a href=\"https:\/\/svetstromku.cz\/16-skvelych-napadu-na-dokonaly-adventni-venec\/\"><strong>adventn\u00ed v\u011bnec<\/strong><\/a>. Pou\u017e\u00edv\u00e1 se k odpo\u010d\u00edt\u00e1v\u00e1n\u00ed \u010dty\u0159 adventn\u00edch ned\u011bl\u00ed p\u0159ed V\u00e1nocemi a obvykle se vyr\u00e1b\u00ed ze zelen\u00fdch v\u011btvi\u010dek, kter\u00e9 symbolizuj\u00ed \u017eivot, a jeho kruhov\u00fd tvar zase v\u011b\u010dnost.<\/p>\n\n\n\n<p class=\"wp-block-paragraph\">Na adventn\u00edm v\u011bnci jsou um\u00edst\u011bny \u010dty\u0159i sv\u00ed\u010dky, obvykle t\u0159i fialov\u00e9 a jedna r\u016f\u017eov\u00e1. Fialov\u00e9 sv\u00edce odpov\u00eddaj\u00ed prvn\u00edm t\u0159em adventn\u00edm ned\u011bl\u00edm a symbolizuj\u00ed pokoru, radost a l\u00e1sku. R\u016f\u017eov\u00e1 sv\u00edce ozna\u010duje t\u0159et\u00ed ned\u011bli a symbolizuje radost a bl\u00ed\u017e\u00edc\u00ed se p\u0159\u00edchod V\u00e1noc.<\/p>\n\n\n\n<p class=\"wp-block-paragraph\">V dne\u0161n\u00ed dob\u011b se adventn\u00ed v\u011bnce zdob\u00ed r\u016fzn\u00fdmi ozdobami, jako jsou v\u00e1no\u010dn\u00ed koule, ma\u0161le, stuhy a dal\u0161\u00ed. P\u0159i zdoben\u00ed adventn\u00edho v\u011bnce je d\u016fle\u017eit\u00e9 d\u00e1t prostor sv\u00e9 kreativit\u011b a vytvo\u0159it v\u011bnec podle vlastn\u00edch p\u0159edstav a vkusu.<\/p>\n\n\n\n<p class=\"wp-block-paragraph\"><a href=\"https:\/\/svetstromku.cz\/moderni-vanocni-ozdoby-na-stromecek\/\"><strong>V\u00e1no\u010dn\u00ed ozdoby<\/strong><\/a> dodaj\u00ed va\u0161emu domovu v\u00e1no\u010dn\u00ed atmosf\u00e9ru a sv\u00e1te\u010dn\u00ed kouzlo. Nejb\u011b\u017en\u011bj\u0161\u00ed jsou v\u00e1no\u010dn\u00ed koule, kter\u00fdch najdete \u0161irok\u00fd v\u00fdb\u011br. Leskl\u00e9, matn\u00e9, t\u0159pytiv\u00e9 a v nejr\u016fzn\u011bj\u0161\u00edch barv\u00e1ch. Krom\u011b klasick\u00fdch sklen\u011bn\u00fdch koul\u00ed si m\u016f\u017eete vybrat tyto ozdoby v neobvykl\u00fdch tvarech a z neobvykl\u00fdch materi\u00e1l\u016f.<\/p>\n\n\n\n<p class=\"wp-block-paragraph\">Samoz\u0159ejm\u011b se pou\u017e\u00edvaj\u00ed i dal\u0161\u00ed ozdoby, jako jsou ma\u0161le, stuhy, zvonky, hv\u011bzdy a mnoho dal\u0161\u00edch. K v\u00e1no\u010dn\u00ed atmosf\u00e9\u0159e p\u0159isp\u00edvaj\u00ed tak\u00e9 v\u00e1no\u010dn\u00ed sv\u011bt\u00fdlka, kter\u00fdmi m\u016f\u017eete ozdobit strome\u010dek, okno nebo jin\u00e9 prostory. V\u00e1no\u010dn\u00ed v\u00fdzdobu m\u016f\u017eete doplnit tak\u00e9 r\u016fzn\u00fdmi figurkami. Mikul\u00e1\u0161, Santa Claus, sobi a sn\u011bhul\u00e1ci k V\u00e1noc\u016fm prost\u011b pat\u0159\u00ed.<\/p>\n\n\n\n<p class=\"wp-block-paragraph\">A v neposledn\u00ed \u0159ad\u011b je tu <a href=\"https:\/\/svetstromku.cz\/kategorie-produktu\/umele-vanocni-stromky-3d\/\"><strong>v\u00e1no\u010dn\u00ed strome\u010dek<\/strong><\/a>. V\u00e1no\u010dn\u00ed stromek je pro mnoho lid\u00ed d\u016fle\u017eit\u00fdm symbolem V\u00e1noc, kter\u00fd p\u0159in\u00e1\u0161\u00ed radost, nad\u011bji a vzpom\u00ednky na tento v\u00fdjime\u010dn\u00fd sv\u00e1te\u010dn\u00ed \u010das. Jeho p\u0159\u00edtomnost v dom\u00e1cnosti vytv\u00e1\u0159\u00ed b\u011bhem sv\u00e1te\u010dn\u00edho obdob\u00ed atmosf\u00e9ru klidu, l\u00e1sky a radosti.<\/p>\n\n\n\n<p class=\"wp-block-paragraph\">Rodina tr\u00e1v\u00ed \u010das jeho spole\u010dn\u00fdm zdoben\u00edm a pod v\u00e1no\u010dn\u00ed stromek se tradi\u010dn\u011b d\u00e1vaj\u00ed v\u00e1no\u010dn\u00ed d\u00e1rky.<\/p>\n","protected":false},"excerpt":{"rendered":"<p>Tradi\u010dn\u00ed v\u00e1no\u010dn\u00ed dekorac\u00ed je adventn\u00ed v\u011bnec. Pou\u017e\u00edv\u00e1 se k odpo\u010d\u00edt\u00e1v\u00e1n\u00ed \u010dty\u0159 adventn\u00edch ned\u011bl\u00ed p\u0159ed V\u00e1nocemi a obvykle se vyr\u00e1b\u00ed ze zelen\u00fdch v\u011btvi\u010dek, kter\u00e9 symbolizuj\u00ed \u017eivot, a jeho kruhov\u00fd tvar zase v\u011b\u010dnost. Na adventn\u00edm v\u011bnci jsou um\u00edst\u011bny \u010dty\u0159i sv\u00ed\u010dky, obvykle t\u0159i fialov\u00e9 a jedna r\u016f\u017eov\u00e1. Fialov\u00e9 sv\u00edce odpov\u00eddaj\u00ed prvn\u00edm t\u0159em adventn\u00edm ned\u011bl\u00edm a symbolizuj\u00ed pokoru, radost [&hellip;]<\/p>\n","protected":false},"author":1,"featured_media":22610,"comment_status":"open","ping_status":"open","sticky":false,"template":"","format":"standard","meta":{"_sitemap_exclude":false,"_sitemap_priority":"","_sitemap_frequency":"","tdm_status":"","tdm_grid_status":"","footnotes":""},"categories":[3],"tags":[],"class_list":["post-22609","post","type-post","status-publish","format-standard","has-post-thumbnail","category-bydleni"],"amp_enabled":false,"_links":{"self":[{"href":"https:\/\/e-zena.cz\/index.php?rest_route=\/wp\/v2\/posts\/22609","targetHints":{"allow":["GET"]}}],"collection":[{"href":"https:\/\/e-zena.cz\/index.php?rest_route=\/wp\/v2\/posts"}],"about":[{"href":"https:\/\/e-zena.cz\/index.php?rest_route=\/wp\/v2\/types\/post"}],"author":[{"embeddable":true,"href":"https:\/\/e-zena.cz\/index.php?rest_route=\/wp\/v2\/users\/1"}],"replies":[{"embeddable":true,"href":"https:\/\/e-zena.cz\/index.php?rest_route=%2Fwp%2Fv2%2Fcomments&post=22609"}],"version-history":[{"count":1,"href":"https:\/\/e-zena.cz\/index.php?rest_route=\/wp\/v2\/posts\/22609\/revisions"}],"predecessor-version":[{"id":22611,"href":"https:\/\/e-zena.cz\/index.php?rest_route=\/wp\/v2\/posts\/22609\/revisions\/22611"}],"wp:featuredmedia":[{"embeddable":true,"href":"https:\/\/e-zena.cz\/index.php?rest_route=\/wp\/v2\/media\/22610"}],"wp:attachment":[{"href":"https:\/\/e-zena.cz\/index.php?rest_route=%2Fwp%2Fv2%2Fmedia&parent=22609"}],"wp:term":[{"taxonomy":"category","embeddable":true,"href":"https:\/\/e-zena.cz\/index.php?rest_route=%2Fwp%2Fv2%2Fcategories&post=22609"},{"taxonomy":"post_tag","embeddable":true,"href":"https:\/\/e-zena.cz\/index.php?rest_route=%2Fwp%2Fv2%2Ftags&post=22609"}],"curies":[{"name":"wp","href":"https:\/\/api.w.org\/{rel}","templated":true}]}}