{"id":22595,"date":"2024-03-31T22:35:15","date_gmt":"2024-03-31T21:35:15","guid":{"rendered":"https:\/\/e-zena.cz\/?p=22595"},"modified":"2024-03-31T22:35:16","modified_gmt":"2024-03-31T21:35:16","slug":"rezidence-byty-na-vackove-bydleni-s-panoramatickym-vyhledem-na-prahu","status":"publish","type":"post","link":"https:\/\/e-zena.cz\/?p=22595","title":{"rendered":"Rezidence Byty na Vackov\u011b: Bydlen\u00ed s panoramatick\u00fdm v\u00fdhledem na Prahu"},"content":{"rendered":"\n<p class=\"wp-block-paragraph\"><strong>Tou\u017e\u00edte po bydlen\u00ed s panoramatick\u00fdm v\u00fdhledem na Prahu, kde se budete c\u00edtit svobodn\u00ed jako pt\u00e1ci? Pak v\u00e1s jist\u011b zaujme rezidence Byty na Vackov\u011b, kter\u00e1 nab\u00edz\u00ed \u0161irokou \u0161k\u00e1lu byt\u016f v nejvy\u0161\u0161\u00edch patrech s \u00fachvatn\u00fdmi panoramaty Prahy.<\/strong><\/p>\n\n\n\n<h2 class=\"wp-block-heading\">Pokra\u010dov\u00e1n\u00ed \u00fasp\u011b\u0161n\u00e9ho projektu<\/h2>\n\n\n\n<p class=\"wp-block-paragraph\">V n\u00e1vaznosti na velk\u00fd z\u00e1jem o prvn\u00ed f\u00e1zi projektu Byty na Vackov\u011b se developer pustil do dal\u0161\u00ed etapy, kter\u00e1 zahrnuje 4 v\u00fd\u0161kov\u00e9 domy s celkem 241 byty o dispozic\u00edch 1+kk a\u017e 5+kk. V\u00edce ne\u017e polovina byt\u016f ji\u017e na\u0161la sv\u00e9 majitele, a proto nev\u00e1hejte, pokud v\u00e1s tato nab\u00eddka zaujala.<\/p>\n\n\n\n<p class=\"wp-block-paragraph\">Rezidence nab\u00edz\u00ed \u0161irokou \u0161k\u00e1lu byt\u016f o rozm\u011brech od 31 m2 do 114,90 m2, tak\u017ee si vybere ka\u017ed\u00fd. V\u0161echny byty disponuj\u00ed p\u0159edzahr\u00e1dkou, terasou nebo balkonem, \u010d\u00edm\u017e se st\u00e1v\u00e1 bydlen\u00ed je\u0161t\u011b komfortn\u011bj\u0161\u00ed. K vybran\u00fdm byt\u016fm n\u00e1le\u017e\u00ed tak\u00e9 gar\u00e1\u017eov\u00e1 st\u00e1n\u00ed a sklepn\u00ed k\u00f3je v podzemn\u00edch podla\u017e\u00edch nebo komory v nadzemn\u00edch podla\u017e\u00edch.&nbsp;<\/p>\n\n\n\n<figure class=\"wp-block-image size-large\"><img loading=\"lazy\" decoding=\"async\" width=\"840\" height=\"666\" src=\"https:\/\/e-zena.cz\/wp-content\/uploads\/2024\/03\/e-zena.cz_navackove_01-840x666.jpg\" alt=\"\" class=\"wp-image-22597\"\/><\/figure>\n\n\n\n<h2 class=\"wp-block-heading\">N\u00edzkoenergetick\u00e9 bydlen\u00ed s n\u00edzk\u00fdmi z\u00e1lohami<\/h2>\n\n\n\n<p class=\"wp-block-paragraph\">Rezidence Byty na Vackov\u011b je postavena v n\u00edzkoenergetick\u00e9m standardu B, tak\u017ee se m\u016f\u017eete t\u011b\u0161it na n\u00edzk\u00e9 z\u00e1lohy za energie. V are\u00e1lu rezidence naleznete v\u0161e pot\u0159ebn\u00e9 pro pohodln\u00fd \u017eivot, v\u010detn\u011b obchod\u016f Albert a Rossmann, mate\u0159sk\u00e9 \u0161koly, cukr\u00e1rny, kosmetick\u00e9ho salonu a prodejny delikates.<\/p>\n\n\n\n<h2 class=\"wp-block-heading\">Interaktivn\u00ed vizualizace pro snadn\u00fd v\u00fdb\u011br bytu<\/h2>\n\n\n\n<p class=\"wp-block-paragraph\">V\u00fdb\u011br bytu je snadn\u00fd a pohodln\u00fd. Na webov\u00fdch str\u00e1nk\u00e1ch projektu naleznete <a href=\"https:\/\/byty.navackove.cz\/cenik\/\">interaktivn\u00ed vizualizaci<\/a>, kter\u00e1 v\u00e1m na jeden klik pod\u00e1 maximum dostupn\u00fdch informac\u00ed o dan\u00e9m bytu, v\u010detn\u011b ceny, rozlohy a orientace na sv\u011btov\u00e9 strany.<\/p>\n\n\n\n<p class=\"wp-block-paragraph\">Jednopokojov\u00fd byt v rezidenci Byty na Vackov\u011b po\u0159\u00edd\u00edte ji\u017e od 4,9 milionu korun. K vybran\u00fdm byt\u016fm developer nab\u00edz\u00ed sklep v hodnot\u011b 250 tis\u00edc korun. Ten se bude hodit jako odkladi\u0161t\u011b sez\u00f3nn\u00edch v\u011bc\u00ed, jako jsou sportovn\u00ed pom\u016fcky, kola nebo d\u011btsk\u00fd ko\u010d\u00e1rek.<\/p>\n\n\n\n<p class=\"wp-block-paragraph\">V p\u0159\u00edpad\u011b, \u017ee vlastn\u00edte automobil a budete m\u00edt z\u00e1jem ho parkovat uvnit\u0159 domu, m\u016f\u017eete si objednat za p\u0159\u00edplatek vlastn\u00ed parkovac\u00ed m\u00edsto, \u010d\u00edm\u017e v\u00e1m odpadne nutnost hledat ka\u017ed\u00fd den voln\u00fd flek v okoln\u00ed z\u00e1stavb\u011b.<\/p>\n\n\n\n<figure class=\"wp-block-image size-large\"><img loading=\"lazy\" decoding=\"async\" width=\"840\" height=\"671\" src=\"https:\/\/e-zena.cz\/wp-content\/uploads\/2024\/03\/e-zena.cz_navackove_02-840x671.jpg\" alt=\"\" class=\"wp-image-22598\"\/><\/figure>\n\n\n\n<h2 class=\"wp-block-heading\">Bydlen\u00ed v atraktivn\u00ed lokalit\u011b<\/h2>\n\n\n\n<p class=\"wp-block-paragraph\"><a href=\"https:\/\/byty.navackove.cz\/lokalita\/\">Rezidence se nach\u00e1z\u00ed v Praze 3 \u2013 \u017di\u017ekov\u011b<\/a>, v bl\u00edzkosti parku \u017didovsk\u00e9 pece. Lokalita nab\u00edz\u00ed skv\u011blou dopravn\u00ed dostupnost a bohatou ob\u010danskou vybavenost.<\/p>\n\n\n\n<p class=\"wp-block-paragraph\">Byty na Vackov\u011b \u2013 ide\u00e1ln\u00ed volba pro ty, kte\u0159\u00ed tou\u017e\u00ed po modern\u00edm a komfortn\u00edm bydlen\u00ed s panoramatick\u00fdm v\u00fdhledem na Prahu.<\/p>\n","protected":false},"excerpt":{"rendered":"<p>Tou\u017e\u00edte po bydlen\u00ed s panoramatick\u00fdm v\u00fdhledem na Prahu, kde se budete c\u00edtit svobodn\u00ed jako pt\u00e1ci? Pak v\u00e1s jist\u011b zaujme rezidence Byty na Vackov\u011b, kter\u00e1 nab\u00edz\u00ed \u0161irokou \u0161k\u00e1lu byt\u016f v nejvy\u0161\u0161\u00edch patrech s \u00fachvatn\u00fdmi panoramaty Prahy. Pokra\u010dov\u00e1n\u00ed \u00fasp\u011b\u0161n\u00e9ho projektu V n\u00e1vaznosti na velk\u00fd z\u00e1jem o prvn\u00ed f\u00e1zi projektu Byty na Vackov\u011b se developer pustil do dal\u0161\u00ed [&hellip;]<\/p>\n","protected":false},"author":1,"featured_media":22599,"comment_status":"open","ping_status":"open","sticky":false,"template":"","format":"standard","meta":{"_sitemap_exclude":false,"_sitemap_priority":"","_sitemap_frequency":"","tdm_status":"","tdm_grid_status":"","footnotes":""},"categories":[3],"tags":[],"class_list":["post-22595","post","type-post","status-publish","format-standard","has-post-thumbnail","category-bydleni"],"amp_enabled":false,"_links":{"self":[{"href":"https:\/\/e-zena.cz\/index.php?rest_route=\/wp\/v2\/posts\/22595","targetHints":{"allow":["GET"]}}],"collection":[{"href":"https:\/\/e-zena.cz\/index.php?rest_route=\/wp\/v2\/posts"}],"about":[{"href":"https:\/\/e-zena.cz\/index.php?rest_route=\/wp\/v2\/types\/post"}],"author":[{"embeddable":true,"href":"https:\/\/e-zena.cz\/index.php?rest_route=\/wp\/v2\/users\/1"}],"replies":[{"embeddable":true,"href":"https:\/\/e-zena.cz\/index.php?rest_route=%2Fwp%2Fv2%2Fcomments&post=22595"}],"version-history":[{"count":1,"href":"https:\/\/e-zena.cz\/index.php?rest_route=\/wp\/v2\/posts\/22595\/revisions"}],"predecessor-version":[{"id":22600,"href":"https:\/\/e-zena.cz\/index.php?rest_route=\/wp\/v2\/posts\/22595\/revisions\/22600"}],"wp:featuredmedia":[{"embeddable":true,"href":"https:\/\/e-zena.cz\/index.php?rest_route=\/wp\/v2\/media\/22599"}],"wp:attachment":[{"href":"https:\/\/e-zena.cz\/index.php?rest_route=%2Fwp%2Fv2%2Fmedia&parent=22595"}],"wp:term":[{"taxonomy":"category","embeddable":true,"href":"https:\/\/e-zena.cz\/index.php?rest_route=%2Fwp%2Fv2%2Fcategories&post=22595"},{"taxonomy":"post_tag","embeddable":true,"href":"https:\/\/e-zena.cz\/index.php?rest_route=%2Fwp%2Fv2%2Ftags&post=22595"}],"curies":[{"name":"wp","href":"https:\/\/api.w.org\/{rel}","templated":true}]}}