{"id":22277,"date":"2023-01-26T15:01:36","date_gmt":"2023-01-26T14:01:36","guid":{"rendered":"https:\/\/e-zena.cz\/?p=22277"},"modified":"2023-02-01T15:02:51","modified_gmt":"2023-02-01T14:02:51","slug":"stehovani-do-blizkosti-velkych-mest-je-trendem","status":"publish","type":"post","link":"https:\/\/e-zena.cz\/?p=22277","title":{"rendered":"St\u011bhov\u00e1n\u00ed do bl\u00edzkosti velk\u00fdch m\u011bst je trendem"},"content":{"rendered":"\n<p class=\"wp-block-paragraph\">Posledn\u00ed pr\u016fzkumy ukazuj\u00ed na to, \u017ee \u010ce\u0161i miluj\u00ed velk\u00e1 m\u011bsta a \u017ee se sem tak\u00e9 s oblibou st\u011bhuj\u00ed. I kdy\u017e v nejlep\u0161\u00edm p\u0159\u00edpad\u011b bychom m\u011bli toto tvrzen\u00ed trochu upravit. St\u011bhuj\u00ed se toti\u017e do bl\u00edzkosti velk\u00fdch m\u011bst, kde se jim kloub\u00ed bl\u00edzkost p\u0159\u00edle\u017eitost\u00ed a ruchu velkom\u011bsta s p\u0159\u00edrodou a klidem, kter\u00fd mnoz\u00ed ke spokojen\u00e9mu \u017eivotu cht\u011bj\u00ed. Poj\u010fme se pod\u00edvat na celosv\u011btov\u00e9 srovn\u00e1n\u00ed a to, pro\u010d je u n\u00e1s pr\u00e1v\u011b <a href=\"https:\/\/www.stehovanikrbec.cz\/\">st\u011bhov\u00e1n\u00ed<\/a> do okol\u00ed velk\u00fdch m\u011bst tak \u017e\u00e1dan\u00e9.<\/p>\n\n\n\n<h2 class=\"wp-block-heading\">Investice do bydlen\u00ed je jistota<\/h2>\n\n\n\n<p class=\"wp-block-paragraph\">St\u011bhov\u00e1n\u00ed v Praze nebo v jin\u00fdch m\u011bstech v posledn\u00edm roce nab\u00edralo na s\u00edle. Zat\u00edmco n\u011bkdo se st\u011bhoval z velk\u00e9ho m\u011bsta, jin\u00fd do n\u011bj. Jak ale z pr\u016fzkum\u016f vypl\u00fdv\u00e1, st\u00e1le atraktivn\u011bj\u0161\u00ed jsou okraje velk\u00fdch m\u011bst, kter\u00e1 slibuj\u00ed a d\u00e1vaj\u00ed \u010cech\u016fm p\u0159esn\u011b to, co ke sv\u00e9mu spokojen\u00e9mu \u017eivotu vy\u017eaduj\u00ed a co cht\u011bj\u00ed.<\/p>\n\n\n\n<p class=\"wp-block-paragraph\">Nikde se v\u0161ak nep\u00ed\u0161e, \u017ee se lid\u00e9 st\u011bhuj\u00ed do n\u00e1jm\u016f, jako je tomu v N\u011bmecku nebo Rakousku, kde je n\u00e1jem daleko atraktivn\u011bj\u0161\u00ed cestou ne\u017e vlastn\u00ed bydlen\u00ed. U n\u00e1s se sp\u00ed\u0161e preferuje koup\u011b vlastn\u00edho bydlen\u00ed. Lid\u00e9 necht\u011bj\u00ed odkl\u00e1dat po\u0159izov\u00e1n\u00ed sv\u00e9ho vlastn\u00edho p\u0159\u00edbytku, berou to jako investici. Z tohoto pohledu byl lo\u0148sk\u00fd rok doslova rekordn\u00ed. T\u011bsn\u011b p\u0159ed zdra\u017eov\u00e1n\u00edm hypote\u010dn\u00edch \u00fav\u011br\u016f se toti\u017e \u010ce\u0161i rozhodli maxim\u00e1ln\u011b vykoupit nab\u00edzen\u00e9 nemovitosti na trhu a sv\u016fj sen si realizovat, co jen to \u0161lo.<\/p>\n\n\n\n<h2 class=\"wp-block-heading\">Bydlen\u00ed za m\u011bstem = p\u0159ijateln\u00fd kompromis<\/h2>\n\n\n\n<p class=\"wp-block-paragraph\">T\u00edm, \u017ee si po\u0159izujeme vlastn\u00ed bydlen\u00ed nezaji\u0161\u0165ujeme jenom sebe, ale do budoucna tak\u00e9 sv\u00e9 potomky. Ne ve v\u0161ech rodin\u00e1ch se v\u0161ak najde spole\u010dn\u00e9 slovo ud\u00e1vaj\u00edc\u00ed, kde se konkr\u00e9tn\u011b bude \u017e\u00edt. A ostatn\u011b proto se vol\u00ed st\u011bhov\u00e1n\u00ed v bl\u00edzkosti m\u011bst, co\u017e je jin\u00fdmi slovy p\u0159ijateln\u00fd kompromis pro v\u0161echny strany v dom\u00e1cnosti. Na jednu stranu je mo\u017enost doj\u00ed\u017ed\u011bn\u00ed do pr\u00e1ce ve m\u011bst\u011b, kde ostatn\u011b panuj\u00ed lep\u0161\u00ed podm\u00ednky i pracovn\u00ed p\u0159\u00edle\u017eitosti, na druhou stranu jsme st\u00e1le v obklopen\u00ed p\u0159\u00edrody a nemus\u00edme zasp\u00e1vat za ruchu okoln\u00edho velkom\u011bsta.<\/p>\n\n\n\n<p class=\"wp-block-paragraph\">Tento trend, kdy se lid\u00e9 st\u011bhuj\u00ed sp\u00ed\u0161e za m\u011bsto ne\u017e do m\u011bsta zapo\u010dala koronavirov\u00e1 pandemie. Respektive by se dalo \u0159\u00edct, \u017ee ho jenom zna\u010dn\u011b urychlila.<\/p>\n","protected":false},"excerpt":{"rendered":"<p>Posledn\u00ed pr\u016fzkumy ukazuj\u00ed na to, \u017ee \u010ce\u0161i miluj\u00ed velk\u00e1 m\u011bsta a \u017ee se sem tak\u00e9 s oblibou st\u011bhuj\u00ed. I kdy\u017e v nejlep\u0161\u00edm p\u0159\u00edpad\u011b bychom m\u011bli toto tvrzen\u00ed trochu upravit. St\u011bhuj\u00ed se toti\u017e do bl\u00edzkosti velk\u00fdch m\u011bst, kde se jim kloub\u00ed bl\u00edzkost p\u0159\u00edle\u017eitost\u00ed a ruchu velkom\u011bsta s p\u0159\u00edrodou a klidem, kter\u00fd mnoz\u00ed ke spokojen\u00e9mu \u017eivotu cht\u011bj\u00ed. [&hellip;]<\/p>\n","protected":false},"author":1,"featured_media":22278,"comment_status":"open","ping_status":"open","sticky":false,"template":"","format":"standard","meta":{"_sitemap_exclude":false,"_sitemap_priority":"","_sitemap_frequency":"","tdm_status":"","tdm_grid_status":"","footnotes":""},"categories":[3],"tags":[],"class_list":["post-22277","post","type-post","status-publish","format-standard","has-post-thumbnail","category-bydleni"],"amp_enabled":false,"_links":{"self":[{"href":"https:\/\/e-zena.cz\/index.php?rest_route=\/wp\/v2\/posts\/22277","targetHints":{"allow":["GET"]}}],"collection":[{"href":"https:\/\/e-zena.cz\/index.php?rest_route=\/wp\/v2\/posts"}],"about":[{"href":"https:\/\/e-zena.cz\/index.php?rest_route=\/wp\/v2\/types\/post"}],"author":[{"embeddable":true,"href":"https:\/\/e-zena.cz\/index.php?rest_route=\/wp\/v2\/users\/1"}],"replies":[{"embeddable":true,"href":"https:\/\/e-zena.cz\/index.php?rest_route=%2Fwp%2Fv2%2Fcomments&post=22277"}],"version-history":[{"count":1,"href":"https:\/\/e-zena.cz\/index.php?rest_route=\/wp\/v2\/posts\/22277\/revisions"}],"predecessor-version":[{"id":22279,"href":"https:\/\/e-zena.cz\/index.php?rest_route=\/wp\/v2\/posts\/22277\/revisions\/22279"}],"wp:featuredmedia":[{"embeddable":true,"href":"https:\/\/e-zena.cz\/index.php?rest_route=\/wp\/v2\/media\/22278"}],"wp:attachment":[{"href":"https:\/\/e-zena.cz\/index.php?rest_route=%2Fwp%2Fv2%2Fmedia&parent=22277"}],"wp:term":[{"taxonomy":"category","embeddable":true,"href":"https:\/\/e-zena.cz\/index.php?rest_route=%2Fwp%2Fv2%2Fcategories&post=22277"},{"taxonomy":"post_tag","embeddable":true,"href":"https:\/\/e-zena.cz\/index.php?rest_route=%2Fwp%2Fv2%2Ftags&post=22277"}],"curies":[{"name":"wp","href":"https:\/\/api.w.org\/{rel}","templated":true}]}}