{"id":22213,"date":"2022-11-09T21:36:11","date_gmt":"2022-11-09T20:36:11","guid":{"rendered":"https:\/\/e-zena.cz\/?p=22213"},"modified":"2022-11-09T21:36:12","modified_gmt":"2022-11-09T20:36:12","slug":"thorovo-neodlucitelne-kladivo-mjolnir","status":"publish","type":"post","link":"https:\/\/e-zena.cz\/?p=22213","title":{"rendered":"Thorovo neodlu\u010diteln\u00e9 kladivo Mj\u00f6lnir"},"content":{"rendered":"\n<p class=\"wp-block-paragraph\"><strong>Mj\u00f6lnir<\/strong> je v seversk\u00e9 mytologii n\u00e1zev <a href=\"https:\/\/autorskesperky.com\/blog\/post\/thor.html\"><strong>Thorova<\/strong><\/a><strong> kladiva<\/strong>. To d\u00e1v\u00e1 Thorovi jeho rozs\u00e1hlou moc a \u0159\u00edk\u00e1 se, \u017ee ho ukoval trpasl\u00edk.&nbsp;<\/p>\n\n\n\n<p class=\"wp-block-paragraph\">Kv\u016fli kr\u00e1tk\u00e9 rukojeti zbran\u011b ho Thor mohl ovl\u00e1dat pouze jednou rukou a musel nosit kouzeln\u00e9 \u017eelezn\u00e9 rukavice, aby mohl dr\u017eet n\u00e1sadu.<\/p>\n\n\n\n<figure class=\"wp-block-image size-large\"><img loading=\"lazy\" decoding=\"async\" width=\"840\" height=\"840\" src=\"https:\/\/e-zena.cz\/wp-content\/uploads\/2022\/11\/gabriel-2519793_1280-840x840.jpg\" alt=\"\" class=\"wp-image-22214\"\/><\/figure>\n\n\n\n<p class=\"wp-block-paragraph\">B\u016fh hromu kladivo pou\u017e\u00edval k ochran\u011b nebe a zem\u011b p\u0159ed nep\u0159\u00e1teli, jako byli ob\u0159i a jejich ni\u010div\u00e1 s\u00edla. Podle n\u011bkter\u00fdch zdroj\u016f m\u016f\u017ee jm\u00e9no Mj\u00f6lnir ve starosever\u0161tin\u011b znamenat blesk. Kdy\u017e lid\u00e9 sly\u0161eli zvuk hromu, v\u011bd\u011bli, \u017ee Thor, jeho\u017e jm\u00e9no znamen\u00e1 hrom, a jeho kladivo jsou v akci!<\/p>\n\n\n\n<p class=\"wp-block-paragraph\">V dob\u011b christianizace severn\u00ed Evropy z\u00edskal symbol Mj\u00f6lniru dal\u0161\u00ed v\u00fdznam. K\u0159es\u0165ansk\u00fdm symbolem byl nej\u010dast\u011bji k\u0159\u00ed\u017e, a aby se odli\u0161ili, nosili ti, kte\u0159\u00ed se dr\u017eeli star\u00e9 v\u00edry, <strong>symbol Thorova kladiva<\/strong>. V seversk\u00e9 mytologii se k\u0159es\u0165an\u00e9 spojovali s obry a chaosem, proto\u017ee se sna\u017eili zni\u010dit jejich starobylou kulturu.<\/p>\n\n\n\n<p class=\"wp-block-paragraph\">Chcete se p\u0159e\u010d\u00edst v\u00edce o dal\u0161\u00edch zaj\u00edmav\u00fdch t\u00e9matech, \u0161perc\u00edch, m\u00f3d\u011b nebo drah\u00fdch kamenech? Pod\u00edvejte se na n\u00e1\u0161 blog. M\u016f\u017eete si zde nap\u0159\u00edklad p\u0159e\u010d\u00edst o zaj\u00edmav\u00fdch <a href=\"https:\/\/autorskesperky.com\/blog\/post\/korund.html\"><strong>korundech<\/strong><\/a> nebo o podce\u0148ovan\u00e9 kr\u00e1sn\u011b \u017elut\u00e9 <a href=\"https:\/\/autorskesperky.com\/blog\/post\/sira.html\"><strong>s\u00ed\u0159e<\/strong><\/a>.<\/p>\n","protected":false},"excerpt":{"rendered":"<p>Mj\u00f6lnir je v seversk\u00e9 mytologii n\u00e1zev Thorova kladiva. To d\u00e1v\u00e1 Thorovi jeho rozs\u00e1hlou moc a \u0159\u00edk\u00e1 se, \u017ee ho ukoval trpasl\u00edk.&nbsp; Kv\u016fli kr\u00e1tk\u00e9 rukojeti zbran\u011b ho Thor mohl ovl\u00e1dat pouze jednou rukou a musel nosit kouzeln\u00e9 \u017eelezn\u00e9 rukavice, aby mohl dr\u017eet n\u00e1sadu. B\u016fh hromu kladivo pou\u017e\u00edval k ochran\u011b nebe a zem\u011b p\u0159ed nep\u0159\u00e1teli, jako byli [&hellip;]<\/p>\n","protected":false},"author":1,"featured_media":22215,"comment_status":"open","ping_status":"open","sticky":false,"template":"","format":"standard","meta":{"_sitemap_exclude":false,"_sitemap_priority":"","_sitemap_frequency":"","tdm_status":"","tdm_grid_status":"","footnotes":""},"categories":[6],"tags":[],"class_list":["post-22213","post","type-post","status-publish","format-standard","has-post-thumbnail","category-pro-muze"],"amp_enabled":false,"_links":{"self":[{"href":"https:\/\/e-zena.cz\/index.php?rest_route=\/wp\/v2\/posts\/22213","targetHints":{"allow":["GET"]}}],"collection":[{"href":"https:\/\/e-zena.cz\/index.php?rest_route=\/wp\/v2\/posts"}],"about":[{"href":"https:\/\/e-zena.cz\/index.php?rest_route=\/wp\/v2\/types\/post"}],"author":[{"embeddable":true,"href":"https:\/\/e-zena.cz\/index.php?rest_route=\/wp\/v2\/users\/1"}],"replies":[{"embeddable":true,"href":"https:\/\/e-zena.cz\/index.php?rest_route=%2Fwp%2Fv2%2Fcomments&post=22213"}],"version-history":[{"count":1,"href":"https:\/\/e-zena.cz\/index.php?rest_route=\/wp\/v2\/posts\/22213\/revisions"}],"predecessor-version":[{"id":22216,"href":"https:\/\/e-zena.cz\/index.php?rest_route=\/wp\/v2\/posts\/22213\/revisions\/22216"}],"wp:featuredmedia":[{"embeddable":true,"href":"https:\/\/e-zena.cz\/index.php?rest_route=\/wp\/v2\/media\/22215"}],"wp:attachment":[{"href":"https:\/\/e-zena.cz\/index.php?rest_route=%2Fwp%2Fv2%2Fmedia&parent=22213"}],"wp:term":[{"taxonomy":"category","embeddable":true,"href":"https:\/\/e-zena.cz\/index.php?rest_route=%2Fwp%2Fv2%2Fcategories&post=22213"},{"taxonomy":"post_tag","embeddable":true,"href":"https:\/\/e-zena.cz\/index.php?rest_route=%2Fwp%2Fv2%2Ftags&post=22213"}],"curies":[{"name":"wp","href":"https:\/\/api.w.org\/{rel}","templated":true}]}}