{"id":22081,"date":"2022-08-08T21:03:03","date_gmt":"2022-08-08T20:03:03","guid":{"rendered":"https:\/\/e-zena.cz\/?p=22081"},"modified":"2022-08-08T21:03:05","modified_gmt":"2022-08-08T20:03:05","slug":"neplytvejte-vodou-naucte-se-s-ni-setrit-jak","status":"publish","type":"post","link":"https:\/\/e-zena.cz\/?p=22081","title":{"rendered":"Nepl\u00fdtvejte vodou, nau\u010dte se s n\u00ed \u0161et\u0159it. Jak?"},"content":{"rendered":"\n<p class=\"wp-block-paragraph\"><em><strong>Energetick\u00e1 krize, kter\u00e1 zapo\u010dala v roce 2021, je nyn\u00ed mnohem hlub\u0161\u00ed. \u010ceskem cloum\u00e1 inflace a odborn\u00edci varuj\u00ed, \u017ee brzy poc\u00edt\u00edme dopady aktu\u00e1ln\u00ed situace v pln\u00e9 s\u00edle. V\u011bt\u0161in\u011b lid\u00ed tak nezb\u00fdv\u00e1 nic jin\u00e9ho ne\u017e \u0161et\u0159it a doufat, \u017ee se ekonomika brzy vyl\u00e9\u010d\u00ed. Co se t\u00fd\u010de vody, m\u011bli bychom s n\u00ed spr\u00e1vn\u011b hospoda\u0159it nejen z ekonomick\u00fdch d\u016fvod\u016f. Skute\u010dnou motivac\u00ed jsou jej\u00ed omezen\u00e9 z\u00e1soby.<\/strong><\/em><\/p>\n\n\n\n<h2 class=\"wp-block-heading\">Pro\u010d je \u0161et\u0159en\u00ed s vodou aktu\u00e1ln\u00ed t\u00e9ma?<\/h2>\n\n\n\n<p class=\"wp-block-paragraph\">Voda sice pokr\u00fdv\u00e1 75 % zemsk\u00e9ho povrchu, a mo\u017en\u00e1 pr\u00e1v\u011b proto p\u0159\u00edli\u0161 ne\u0159e\u0161\u00edme jej\u00ed spot\u0159ebu \u2013 ale z celkov\u00e9ho objemu lze jako pitnou ozna\u010dit jen 0,8 %. Doned\u00e1vna to bylo dost, v posledn\u00edch letech se v\u0161ak ukazuje, \u017ee v budoucnu takov\u00e9 mno\u017estv\u00ed sta\u010dit nemus\u00ed. Na vin\u011b jsou klimatick\u00e9 zm\u011bny, rostouc\u00ed populace, odles\u0148ov\u00e1n\u00ed a v neposledn\u00ed \u0159ad\u011b pl\u00fdtv\u00e1n\u00ed. S t\u00edm posledn\u00edm m\u00e1 mo\u017enost ud\u011blat krok k lep\u0161\u00edmu ka\u017ed\u00fd.<\/p>\n\n\n\n<h2 class=\"wp-block-heading\">Za\u010dn\u011bte vyu\u017e\u00edvat de\u0161\u0165ovou vodu<\/h2>\n\n\n\n<p class=\"wp-block-paragraph\">Kdy\u017e vym\u011bn\u00edte vanu za sprchov\u00fd kout, u\u0161et\u0159\u00edte ro\u010dn\u011b a\u017e n\u011bkolik tis\u00edc korun. Mnohem zaj\u00edmav\u011bj\u0161\u00ed je ov\u0161em <strong>zachyt\u00e1v\u00e1n\u00ed de\u0161\u0165ovky do reten\u010dn\u00ed n\u00e1dr\u017ee<\/strong>. De\u0161\u0165ov\u00e1 voda m\u016f\u017ee pokr\u00fdt a\u017e polovinu celkov\u00e9 spot\u0159eby dom\u00e1cnosti \u2013 a kompletn\u00ed spot\u0159ebu vody na zahrad\u011b.<\/p>\n\n\n\n<p class=\"wp-block-paragraph\">Pokud se rozhodnete vyu\u017e\u00edvat de\u0161\u0165ovou vodu i doma, budete si muset krom\u011b <a href=\"https:\/\/zakra.cz\/blog\/retencni-nadrz-na-destovou-vodu-vse-co-potrebujete-vedet\/\">reten\u010dn\u00ed n\u00e1dr\u017ee<\/a> po\u0159\u00eddit tak\u00e9 <strong>filtra\u010dn\u00ed syst\u00e9m<\/strong> a <strong>v\u00fdkonn\u00e9 \u010derpadlo<\/strong> nebo <strong>dom\u00e1c\u00ed vod\u00e1rnu<\/strong>. Dal\u0161\u00ed podm\u00ednkou jsou <strong>odd\u011blen\u00e9 rozvody vody<\/strong>, kter\u00e9 zamez\u00ed kontaminaci vodovodn\u00edho \u0159\u00e1du.<\/p>\n\n\n\n<figure class=\"wp-block-image size-large\"><img loading=\"lazy\" decoding=\"async\" width=\"840\" height=\"750\" src=\"https:\/\/e-zena.cz\/wp-content\/uploads\/2022\/08\/e-zena.cz_zakra_01-840x750.jpg\" alt=\"\" class=\"wp-image-22083\"\/><\/figure>\n\n\n\n<h2 class=\"wp-block-heading\">Nezapome\u0148te ani na \u0161edou vodu<\/h2>\n\n\n\n<p class=\"wp-block-paragraph\">Dal\u0161\u00edm efektivn\u00edm zp\u016fsobem, jak doma sn\u00ed\u017eit spot\u0159ebu pitn\u00e9 vody, je <strong>recyklace tzv. \u0161ed\u00e9 vody<\/strong> (jedn\u00e1 se odpadn\u00ed vodu, kter\u00e1 neobsahuje spla\u0161ky). Syst\u00e9m je zalo\u017een na jej\u00edm zachyt\u00e1v\u00e1n\u00ed, \u010di\u0161t\u011bn\u00ed v \u010dist\u00edrn\u011b a op\u011btovn\u00e9m vyu\u017eit\u00ed. Tak\u00e9 v tomto p\u0159\u00edpad\u011b jsou nezbytn\u00e9 dvoj\u00ed rozvody.<\/p>\n\n\n\n<h2 class=\"wp-block-heading\">Instalujte spo\u0159i\u010de<\/h2>\n\n\n\n<p class=\"wp-block-paragraph\"><a><\/a> Pakli\u017ee o po\u0159\u00edzen\u00ed reten\u010dn\u00ed n\u00e1dr\u017ee \u010di syst\u00e9mu pro recyklaci \u0161ed\u00e9 vody moment\u00e1ln\u011b neuva\u017eujete, investujte p\u00e1r des\u00edtek a\u017e stovek korun do <strong>spo\u0159i\u010d\u016f vody<\/strong>. Tyto n\u00e1stavce rapidn\u011b sni\u017euj\u00ed pr\u016ftok, a v kone\u010dn\u00e9m d\u016fsledku v\u00fdrazn\u011b sni\u017euj\u00ed spot\u0159ebu.<\/p>\n","protected":false},"excerpt":{"rendered":"<p>Energetick\u00e1 krize, kter\u00e1 zapo\u010dala v roce 2021, je nyn\u00ed mnohem hlub\u0161\u00ed. \u010ceskem cloum\u00e1 inflace a odborn\u00edci varuj\u00ed, \u017ee brzy poc\u00edt\u00edme dopady aktu\u00e1ln\u00ed situace v pln\u00e9 s\u00edle. V\u011bt\u0161in\u011b lid\u00ed tak nezb\u00fdv\u00e1 nic jin\u00e9ho ne\u017e \u0161et\u0159it a doufat, \u017ee se ekonomika brzy vyl\u00e9\u010d\u00ed. Co se t\u00fd\u010de vody, m\u011bli bychom s n\u00ed spr\u00e1vn\u011b hospoda\u0159it nejen z ekonomick\u00fdch d\u016fvod\u016f. [&hellip;]<\/p>\n","protected":false},"author":1,"featured_media":22084,"comment_status":"open","ping_status":"open","sticky":false,"template":"","format":"standard","meta":{"_sitemap_exclude":false,"_sitemap_priority":"","_sitemap_frequency":"","tdm_status":"","tdm_grid_status":"","footnotes":""},"categories":[5],"tags":[],"class_list":["post-22081","post","type-post","status-publish","format-standard","has-post-thumbnail","category-finance"],"amp_enabled":false,"_links":{"self":[{"href":"https:\/\/e-zena.cz\/index.php?rest_route=\/wp\/v2\/posts\/22081","targetHints":{"allow":["GET"]}}],"collection":[{"href":"https:\/\/e-zena.cz\/index.php?rest_route=\/wp\/v2\/posts"}],"about":[{"href":"https:\/\/e-zena.cz\/index.php?rest_route=\/wp\/v2\/types\/post"}],"author":[{"embeddable":true,"href":"https:\/\/e-zena.cz\/index.php?rest_route=\/wp\/v2\/users\/1"}],"replies":[{"embeddable":true,"href":"https:\/\/e-zena.cz\/index.php?rest_route=%2Fwp%2Fv2%2Fcomments&post=22081"}],"version-history":[{"count":0,"href":"https:\/\/e-zena.cz\/index.php?rest_route=\/wp\/v2\/posts\/22081\/revisions"}],"wp:featuredmedia":[{"embeddable":true,"href":"https:\/\/e-zena.cz\/index.php?rest_route=\/wp\/v2\/media\/22084"}],"wp:attachment":[{"href":"https:\/\/e-zena.cz\/index.php?rest_route=%2Fwp%2Fv2%2Fmedia&parent=22081"}],"wp:term":[{"taxonomy":"category","embeddable":true,"href":"https:\/\/e-zena.cz\/index.php?rest_route=%2Fwp%2Fv2%2Fcategories&post=22081"},{"taxonomy":"post_tag","embeddable":true,"href":"https:\/\/e-zena.cz\/index.php?rest_route=%2Fwp%2Fv2%2Ftags&post=22081"}],"curies":[{"name":"wp","href":"https:\/\/api.w.org\/{rel}","templated":true}]}}