{"id":21724,"date":"2021-05-12T19:45:52","date_gmt":"2021-05-12T18:45:52","guid":{"rendered":"https:\/\/e-zena.cz\/?p=21724"},"modified":"2021-05-12T19:45:56","modified_gmt":"2021-05-12T18:45:56","slug":"kdy-mate-narok-na-placene-a-kdy-na-neplacene-volno","status":"publish","type":"post","link":"https:\/\/e-zena.cz\/?p=21724","title":{"rendered":"Kdy m\u00e1te n\u00e1rok na placen\u00e9 a kdy na neplacen\u00e9 volno?"},"content":{"rendered":"\n<p class=\"wp-block-paragraph\">Neplacen\u00e9 volno je, jak ji\u017e jeho n\u00e1zev napov\u00edd\u00e1, bez finan\u010dn\u00edho ohodnocen\u00ed. I tak se ale n\u011bkdy m\u016f\u017ee hodit. Zvl\u00e1\u0161\u0165, kdy\u017e je dovolen\u00e9 m\u00e1lo a ty \u010dty\u0159i t\u00fddny, na kter\u00e9 m\u00e1te n\u00e1rok, ute\u010dou jako voda. Kdy se m\u016f\u017eete p\u0159ihl\u00e1sit o neplacen\u00e9 volno?<\/p>\n\n\n\n<h2 class=\"wp-block-heading\">Velk\u00e9 rodinn\u00e9 ud\u00e1losti<\/h2>\n\n\n\n<p class=\"wp-block-paragraph\">Nejv\u011bt\u0161\u00edm rodinn\u00fdm d\u016fvodem, d\u00edky kter\u00e9mu m\u016f\u017eete z\u00edskat n\u00e1rok na neplacen\u00e9 volno, je svatba. P\u0159i vlastn\u00ed svatb\u011b m\u00e1te n\u00e1rok na dva dny volna, z&nbsp;nich\u017e jeden budete m\u00edt od zam\u011bstnavatele proplacen\u00fd, druh\u00fd nikoliv. V&nbsp;p\u0159\u00edpad\u011b, \u017ee jdete na svatbu sv\u00e9ho d\u00edt\u011bte, z\u00edsk\u00e1te jednodenn\u00ed placen\u00e9 volno. Pokud se ale vd\u00e1v\u00e1 \u010di \u017een\u00ed v\u00e1s rodi\u010d, m\u00e1te n\u00e1rok pouze na jednodenn\u00ed neplacen\u00e9 volno. Stejn\u011b jako m\u00e1te n\u00e1rok na neplacen\u00e9 volno v&nbsp;p\u0159\u00edpad\u011b, \u017ee chcete b\u00fdt u porodu sv\u00e9ho d\u00edt\u011bte. I v&nbsp;p\u0159\u00edpad\u011b st\u011bhov\u00e1n\u00ed si m\u016f\u017eete za\u017e\u00e1dat o neplacen\u00e9 volno, a to a\u017e na dva dny. P\u0159i\u010dem\u017e pokud se jedn\u00e1 o st\u011bhov\u00e1n\u00ed za <a href=\"https:\/\/www.hitprace.cz\/prace\/praha\/\">prac\u00ed, nap\u0159\u00edklad do Prahy<\/a> je to volno dokonce placen\u00e9, proto\u017ee je v&nbsp;z\u00e1jmu zam\u011bstnavatele. Jsou i p\u0159\u00edpady, kdy v\u00e1m den volna z&nbsp;rodinn\u00fdch d\u016fvod\u016f mus\u00ed zam\u011bstnavatel dokonce i proplatit. Sem pat\u0159\u00ed mimo v\u00fd\u0161e zm\u00edn\u011bn\u00fdch d\u016fvod\u016f i situace, kdy vezete svou partnerku nebo man\u017eelku k&nbsp;porodu.<\/p>\n\n\n\n<h2 class=\"wp-block-heading\">L\u00e9ka\u0159sk\u00e1 p\u00e9\u010de<\/h2>\n\n\n\n<p class=\"wp-block-paragraph\">I p\u0159i n\u00e1v\u0161t\u011bv\u011b doktora m\u00e1te n\u00e1rok na volno. Pokud nav\u0161t\u011bvujete l\u00e9ka\u0159sk\u00e9 za\u0159\u00edzen\u00ed nejbl\u00ed\u017ee va\u0161eho bydli\u0161t\u011b, je volno placen\u00e9. Pokud ale z&nbsp;jak\u00e9hokoliv d\u016fvodu za l\u00e9ka\u0159em doj\u00ed\u017ed\u00edte n\u011bkam d\u00e1l, je volno neplacen\u00e9. Jeden den neplacen\u00e9ho volna m\u016f\u017eete vyu\u017e\u00edt i na doprovod \u010dlena rodiny k&nbsp;l\u00e9ka\u0159i, a to v&nbsp;p\u0159\u00edpad\u011b, \u017ee se jedn\u00e1 o nezbytn\u00fd doprovod na neodkladn\u00e9 vy\u0161et\u0159en\u00ed a ned\u00e1 se vy\u0159\u00eddit mimo pracovn\u00ed dobu. V&nbsp;p\u0159\u00edpad\u011b, \u017ee se jedn\u00e1 o doprovod va\u0161eho potomka, man\u017eela \u010di man\u017eelky, partnera, sv\u00fdch rodi\u010d\u016f nebo rodi\u010d\u016f partnera m\u00e1te n\u00e1rok na n\u00e1hradu mzdy. Jestli\u017ee se ale jedn\u00e1 o n\u00e1v\u0161t\u011bvu poradny s&nbsp;va\u0161\u00edm d\u00edt\u011btem, je volno ve v\u0161ech p\u0159\u00edpadech neplacen\u00e9.<\/p>\n\n\n\n<h2 class=\"wp-block-heading\">Speci\u00e1ln\u00ed p\u0159\u00edpady<\/h2>\n\n\n\n<p class=\"wp-block-paragraph\">Dal\u0161\u00edmi p\u0159\u00edpady, kdy m\u00e1te n\u00e1rok na neplacen\u00e9 volno, je ve\u0159ejn\u00fd, obecn\u00fd \u010di spole\u010densk\u00fd z\u00e1jem. Tedy nap\u0159\u00edklad po dobu v\u00fdkonu ob\u010dansk\u00e9 povinnosti jako jsou sv\u011bdci, tlumo\u010dn\u00edci, soudn\u00ed znalci a dal\u0161\u00ed osoby p\u0159edvolan\u00e9 k&nbsp;soudu nebo na \u00fa\u0159ad. M\u016f\u017ee j\u00edt ale i o politickou \u010dinnost p\u0159i pln\u011bn\u00ed funkce \u010dlena zastupitelstva, sen\u00e1tora nebo poslance. Stejn\u011b tak m\u00e1te n\u00e1rok na neplacen\u00e9 volno a\u017e na t\u0159i t\u00fddny v&nbsp;roce v&nbsp;p\u0159\u00edpad\u011b, \u017ee jedete na d\u011btsk\u00fd t\u00e1bor jako vedouc\u00ed, zdravotn\u00edk nebo instruktor.<\/p>\n","protected":false},"excerpt":{"rendered":"<p>Neplacen\u00e9 volno je, jak ji\u017e jeho n\u00e1zev napov\u00edd\u00e1, bez finan\u010dn\u00edho ohodnocen\u00ed. I tak se ale n\u011bkdy m\u016f\u017ee hodit. Zvl\u00e1\u0161\u0165, kdy\u017e je dovolen\u00e9 m\u00e1lo a ty \u010dty\u0159i t\u00fddny, na kter\u00e9 m\u00e1te n\u00e1rok, ute\u010dou jako voda. Kdy se m\u016f\u017eete p\u0159ihl\u00e1sit o neplacen\u00e9 volno? Velk\u00e9 rodinn\u00e9 ud\u00e1losti Nejv\u011bt\u0161\u00edm rodinn\u00fdm d\u016fvodem, d\u00edky kter\u00e9mu m\u016f\u017eete z\u00edskat n\u00e1rok na neplacen\u00e9 volno, [&hellip;]<\/p>\n","protected":false},"author":1,"featured_media":21725,"comment_status":"open","ping_status":"open","sticky":false,"template":"","format":"standard","meta":{"_sitemap_exclude":false,"_sitemap_priority":"","_sitemap_frequency":"","tdm_status":"","tdm_grid_status":"","footnotes":""},"categories":[6,7],"tags":[],"class_list":["post-21724","post","type-post","status-publish","format-standard","has-post-thumbnail","category-pro-muze","category-pro-zeny"],"amp_enabled":false,"_links":{"self":[{"href":"https:\/\/e-zena.cz\/index.php?rest_route=\/wp\/v2\/posts\/21724","targetHints":{"allow":["GET"]}}],"collection":[{"href":"https:\/\/e-zena.cz\/index.php?rest_route=\/wp\/v2\/posts"}],"about":[{"href":"https:\/\/e-zena.cz\/index.php?rest_route=\/wp\/v2\/types\/post"}],"author":[{"embeddable":true,"href":"https:\/\/e-zena.cz\/index.php?rest_route=\/wp\/v2\/users\/1"}],"replies":[{"embeddable":true,"href":"https:\/\/e-zena.cz\/index.php?rest_route=%2Fwp%2Fv2%2Fcomments&post=21724"}],"version-history":[{"count":0,"href":"https:\/\/e-zena.cz\/index.php?rest_route=\/wp\/v2\/posts\/21724\/revisions"}],"wp:featuredmedia":[{"embeddable":true,"href":"https:\/\/e-zena.cz\/index.php?rest_route=\/wp\/v2\/media\/21725"}],"wp:attachment":[{"href":"https:\/\/e-zena.cz\/index.php?rest_route=%2Fwp%2Fv2%2Fmedia&parent=21724"}],"wp:term":[{"taxonomy":"category","embeddable":true,"href":"https:\/\/e-zena.cz\/index.php?rest_route=%2Fwp%2Fv2%2Fcategories&post=21724"},{"taxonomy":"post_tag","embeddable":true,"href":"https:\/\/e-zena.cz\/index.php?rest_route=%2Fwp%2Fv2%2Ftags&post=21724"}],"curies":[{"name":"wp","href":"https:\/\/api.w.org\/{rel}","templated":true}]}}