{"id":21551,"date":"2020-11-30T09:29:34","date_gmt":"2020-11-30T08:29:34","guid":{"rendered":"https:\/\/e-zena.cz\/?p=21551"},"modified":"2020-11-30T09:29:40","modified_gmt":"2020-11-30T08:29:40","slug":"vybirame-zimni-bundu-do-mesta-v-cem-se-lisi-od-lyzarske","status":"publish","type":"post","link":"https:\/\/e-zena.cz\/?p=21551","title":{"rendered":"Vyb\u00edr\u00e1me zimn\u00ed bundu do m\u011bsta: V \u010dem se li\u0161\u00ed od ly\u017ea\u0159sk\u00e9?"},"content":{"rendered":"\n<p class=\"wp-block-paragraph\">Kalend\u00e1\u0159n\u011b sice st\u00e1le panuje podzim, ale teplom\u011br n\u00e1m v posledn\u00edch dnech p\u0159ipom\u00edn\u00e1, \u017ee zima nastoup\u00ed co nevid\u011bt. A pr\u00e1v\u011b proto bychom nem\u011bly me\u0161kat s reviz\u00ed \u0161atn\u00edku, jeho\u017e z\u00e1kladn\u00edm stavebn\u00edm kamenem bude pro n\u00e1sleduj\u00edc\u00ed m\u011bs\u00edce zimn\u00ed bunda. Pokud jste posledn\u00ed roky p\u0159e\u017e\u00edvala s jedin\u00fdm kusem \u2013 ly\u017ea\u0159skou sportovn\u00ed bundou, kterou jste m\u011bla na sob\u011b na ka\u017ed\u00e9m kroku, pravd\u011bpodobn\u011b c\u00edt\u00edte, \u017ee to nebylo prav\u00e9 o\u0159echov\u00e9. Na svahu m\u00e1 \u010dlov\u011bk p\u0159eci jen \u201etrochu\u201c jin\u00e9 pot\u0159eby ne\u017e ve m\u011bst\u011b. Tak v jak\u00e9 tedy vyrazit do ulic, abyste si neutrhla ostudu?<\/p>\n\n\n\n<h2 class=\"wp-block-heading\">N\u00e1kup zimn\u00ed bundy nepodce\u0148ujte<\/h2>\n\n\n\n<p class=\"wp-block-paragraph\">Spousta \u017een pohl\u00ed\u017e\u00ed na n\u00e1kup <a href=\"https:\/\/www.bertoo.cz\/zimni-bundy-pro-damy\/\">d\u00e1msk\u00e9 zimn\u00ed bundy<\/a> jako na nutn\u00e9 zlo, a to i v p\u0159\u00edpad\u011b, \u017ee m\u00f3du miluj\u00ed a r\u00e1dy pln\u00ed \u0161atn\u00edk p\u011bkn\u00fdmi kousky. Pravd\u011bpodobn\u011b to bude d\u00e1no t\u00edm, \u017ee se v n\u00ed c\u00edt\u00edme p\u0159\u00edli\u0161 \u201enabalen\u011b\u201c, tak trochu jako sn\u011bhul\u00e1ci. Co\u017e ov\u0161em nen\u00ed d\u016fvod k tomu, abychom v\u00fdb\u011br usp\u011bchaly a s\u00e1hly po prvn\u00edm modelu, kter\u00fd se namane v na\u0161em zorn\u00e9m poli. <strong>Od m\u011bstsk\u00e9 bundy o\u010dek\u00e1v\u00e1me t\u0159i z\u00e1kladn\u00ed v\u011bci:<\/strong> <em>mus\u00ed perfektn\u011b padnout, izolovat a dob\u0159e vypadat<\/em>. Poda\u0159\u00ed-li se v\u00e1m sehnat odpov\u00eddaj\u00edc\u00ed kus, budete ho nosit mnohem rad\u011bji ne\u017e bundu, kter\u00e1 v\u00e1m z n\u011bjak\u00e9ho d\u016fvodu nevyhovuje.<\/p>\n\n\n\n<h2 class=\"wp-block-heading\">Funk\u010dn\u00ed vlastnosti nejsou d\u016fle\u017eit\u00e9<\/h2>\n\n\n\n<p class=\"wp-block-paragraph\">Ly\u017ea\u0159sk\u00e9 bundy jsou ur\u010deny pro sportov\u00e1n\u00ed, v\u00fdrobci proto kladou d\u016fraz na p\u0159\u00edtomnost funk\u010dn\u00edch materi\u00e1l\u016f s d\u016frazem na vysok\u00fd vodn\u00ed sloupec a prody\u0161nost. Kv\u016fli nepromokavosti nechyb\u00ed lepen\u00e9 \u0161vy, membr\u00e1ny \u010di z\u00e1t\u011br. Nav\u00edc obvykle nechyb\u00ed ventila\u010dn\u00ed otvory v podpa\u017e\u00ed a dal\u0161\u00ed funk\u010dn\u00ed prvky. Jenom\u017ee <strong>m\u011bsto nen\u00ed sjezdovka, proto bychom m\u011bli od m\u011bstsk\u00e9 bundy po\u017eadovat \u00fapln\u011b jin\u00e9 vlastnosti<\/strong>. Dokonce nen\u00ed zapot\u0159eb\u00ed ani nepromokav\u00fd materi\u00e1l, dosta\u010duje <strong>vod\u011bodpudiv\u00fd<\/strong>.<\/p>\n\n\n\n<figure class=\"wp-block-image size-large\"><img loading=\"lazy\" decoding=\"async\" width=\"700\" height=\"506\" src=\"https:\/\/e-zena.cz\/wp-content\/uploads\/2020\/11\/e-zena.cz_bertoo_cz_01.jpg\" alt=\"\" class=\"wp-image-21552\" srcset=\"https:\/\/e-zena.cz\/wp-content\/uploads\/2020\/11\/e-zena.cz_bertoo_cz_01.jpg 700w, https:\/\/e-zena.cz\/wp-content\/uploads\/2020\/11\/e-zena.cz_bertoo_cz_01-696x503.jpg 696w, https:\/\/e-zena.cz\/wp-content\/uploads\/2020\/11\/e-zena.cz_bertoo_cz_01-581x420.jpg 581w, https:\/\/e-zena.cz\/wp-content\/uploads\/2020\/11\/e-zena.cz_bertoo_cz_01-324x235.jpg 324w\" sizes=\"auto, (max-width: 700px) 100vw, 700px\" \/><\/figure>\n\n\n\n<p class=\"wp-block-paragraph\">Na z\u00e1v\u011br jsme si nechali praktick\u00fd tip pro milovnice neot\u0159el\u00e9ho designov\u00e9ho zpracov\u00e1n\u00ed. <a href=\"https:\/\/www.bertoo.cz\/zimni-bundy-pro-damy:desigual\/\">D\u00e1msk\u00e1 zimn\u00ed bunda Desigual<\/a> je jasnou volbou pro ka\u017edou \u017eenu, kter\u00e1 si potrp\u00ed na kvalitu a nechce zapadnout v davu jako \u0161ed\u00e1 my\u0161ka. Perfektn\u011b j\u00ed dopln\u00ed <a href=\"https:\/\/www.bertoo.cz\/desigual-kabelky\/\">kabelka Desigual<\/a> v podobn\u00e9m stylu.<\/p>\n","protected":false},"excerpt":{"rendered":"<p>Kalend\u00e1\u0159n\u011b sice st\u00e1le panuje podzim, ale teplom\u011br n\u00e1m v posledn\u00edch dnech p\u0159ipom\u00edn\u00e1, \u017ee zima nastoup\u00ed co nevid\u011bt. A pr\u00e1v\u011b proto bychom nem\u011bly me\u0161kat s reviz\u00ed \u0161atn\u00edku, jeho\u017e z\u00e1kladn\u00edm stavebn\u00edm kamenem bude pro n\u00e1sleduj\u00edc\u00ed m\u011bs\u00edce zimn\u00ed bunda. Pokud jste posledn\u00ed roky p\u0159e\u017e\u00edvala s jedin\u00fdm kusem \u2013 ly\u017ea\u0159skou sportovn\u00ed bundou, kterou jste m\u011bla na sob\u011b na ka\u017ed\u00e9m [&hellip;]<\/p>\n","protected":false},"author":1,"featured_media":21553,"comment_status":"open","ping_status":"open","sticky":false,"template":"","format":"standard","meta":{"_sitemap_exclude":false,"_sitemap_priority":"","_sitemap_frequency":"","tdm_status":"","tdm_grid_status":"","footnotes":""},"categories":[7],"tags":[],"class_list":["post-21551","post","type-post","status-publish","format-standard","has-post-thumbnail","category-pro-zeny"],"amp_enabled":false,"_links":{"self":[{"href":"https:\/\/e-zena.cz\/index.php?rest_route=\/wp\/v2\/posts\/21551","targetHints":{"allow":["GET"]}}],"collection":[{"href":"https:\/\/e-zena.cz\/index.php?rest_route=\/wp\/v2\/posts"}],"about":[{"href":"https:\/\/e-zena.cz\/index.php?rest_route=\/wp\/v2\/types\/post"}],"author":[{"embeddable":true,"href":"https:\/\/e-zena.cz\/index.php?rest_route=\/wp\/v2\/users\/1"}],"replies":[{"embeddable":true,"href":"https:\/\/e-zena.cz\/index.php?rest_route=%2Fwp%2Fv2%2Fcomments&post=21551"}],"version-history":[{"count":0,"href":"https:\/\/e-zena.cz\/index.php?rest_route=\/wp\/v2\/posts\/21551\/revisions"}],"wp:featuredmedia":[{"embeddable":true,"href":"https:\/\/e-zena.cz\/index.php?rest_route=\/wp\/v2\/media\/21553"}],"wp:attachment":[{"href":"https:\/\/e-zena.cz\/index.php?rest_route=%2Fwp%2Fv2%2Fmedia&parent=21551"}],"wp:term":[{"taxonomy":"category","embeddable":true,"href":"https:\/\/e-zena.cz\/index.php?rest_route=%2Fwp%2Fv2%2Fcategories&post=21551"},{"taxonomy":"post_tag","embeddable":true,"href":"https:\/\/e-zena.cz\/index.php?rest_route=%2Fwp%2Fv2%2Ftags&post=21551"}],"curies":[{"name":"wp","href":"https:\/\/api.w.org\/{rel}","templated":true}]}}