{"id":20554,"date":"2019-10-20T11:27:30","date_gmt":"2019-10-20T10:27:30","guid":{"rendered":"https:\/\/e-zena.cz\/?p=20554"},"modified":"2019-10-20T11:27:36","modified_gmt":"2019-10-20T10:27:36","slug":"co-vsechno-hledame-prakticke","status":"publish","type":"post","link":"https:\/\/e-zena.cz\/?p=20554","title":{"rendered":"Co v\u0161echno hled\u00e1me &#8222;praktick\u00e9&#8220;?"},"content":{"rendered":"\n<p class=\"wp-block-paragraph\">Sou\u010dasn\u00fd kolob\u011bh \u017eivota je usp\u011bchan\u00fd, n\u011bkte\u0159\u00ed tvrd\u00ed, \u017ee n\u00e1ro\u010dn\u011bj\u0161\u00ed ne\u017e kdysi, jin\u00ed si ho zase pochvaluj\u00ed. V\u0161e v\u0161ak z\u00e1le\u017e\u00ed od trendu a \u017eivotn\u00edho stylu, kter\u00fd preferujete. N\u011bkdo si \u017eivot u\u017e\u00edv\u00e1 pln\u00fdmi dou\u0161ky a n\u011bkdo naopak neust\u00e1le muml\u00e1, jak\u00e1 t\u011b\u017ek\u00e1 doba je. S t\u00edm tak\u00e9 souvis\u00ed v\u00fdb\u011br v\u011bc\u00ed, kter\u00e9 pot\u0159ebujeme k na\u0161emu \u017eivotu. V tomto obdob\u00ed se klade d\u016fraz hlavn\u011b na prakti\u010dnost, tedy hled\u00e1me v\u011bci, kter\u00e9 jsou pro n\u00e1s praktick\u00e9, co\u017e znamen\u00e1, \u017ee n\u00e1m usnad\u0148uj\u00ed \u017eivot.<br><\/p>\n\n\n\n<figure class=\"wp-block-image\"><img decoding=\"async\" src=\"https:\/\/lh3.googleusercontent.com\/H-AXryQKUBJK8ZwBKWIJjO5evvE1YfBhlhxW-Z5H-kGw15r3dXVWxgZN_2UBtbnBuf0ssjIdEerQpp5NQk-zdN9vrWjkvmVdftQzAwlxOj6WqBGw1I8CJ-DQBMoLQTyZIhRb1YnkvPnldgGJAQ\" alt=\"\"\/><\/figure>\n\n\n\n<p class=\"wp-block-paragraph\"><\/p>\n\n\n\n<p class=\"wp-block-paragraph\">Co praktick\u00e9 m\u016f\u017eeme tedy hledat?<br><\/p>\n\n\n\n<p class=\"wp-block-paragraph\">Praktick\u00e1 dom\u00e1cnost<\/p>\n\n\n\n<p class=\"wp-block-paragraph\">Ka\u017ed\u00fd z n\u00e1s by cht\u011bl m\u00edt takovou dom\u00e1cnost, kter\u00e1 vy\u017eaduje co nejm\u00e9n\u011b \u00fasil\u00ed na \u00faklid a p\u00e9\u010di o ni a p\u0159itom, aby p\u0159inesla co nejv\u00edce u\u017eitku. Proto hled\u00e1me praktick\u00e9 spot\u0159ebi\u010de, respektive usnad\u0148ujeme si \u017eivot v\u0161elijak\u00fdmi v\u00fdkonn\u00fdmi roboty, kter\u00e9 n\u00e1m pom\u00e1haj\u00ed udr\u017eovat na\u0161i dom\u00e1cnost v \u010distot\u011b. Tak\u00e9 stav\u00edme p\u0159\u00edbytky s c\u00edlem praktick\u00e9ho za\u0159\u00edzen\u00ed, stav\u00edme praktick\u00e9 a nen\u00e1ro\u010dn\u00e9 kuchyn\u011b, koupelny &#8230; Toto v\u0161e n\u00e1m p\u0159in\u00e1\u0161\u00ed ovoce v podob\u011b nen\u00e1ro\u010dnosti v p\u00e9\u010di, kterou si ka\u017ed\u00e1 dom\u00e1cnost vy\u017eaduje. Sou\u010dasn\u00fd trend bydlen\u00ed \u0159\u00edk\u00e1: hezk\u00e9, ale hlavn\u011b praktick\u00e9. N\u011bkdy v\u0161ak ulet\u00edme vlastn\u00edm p\u0159edstav\u00e1m a&nbsp;sna\u017e\u00edme se na\u0161e p\u0159\u00edbytky za\u0159\u00eddit tak, \u017ee si mysl\u00edme, \u017ee to bude p\u011bkn\u00e9 a praktick\u00e9, ale \u010dasem zji\u0161\u0165ujeme, \u017ee to je jen hezk\u00e9. Proto nen\u00ed na \u0161kodu poradit se s n\u011bjak\u00fdmi zku\u0161en\u00fdmi architekty, kter\u00fd n\u00e1m um\u00ed poradit a zam\u011b\u0159it se na to, co opravdu pot\u0159ebujeme a co je v na\u0161\u00ed dom\u00e1cnosti nezbytn\u00e9.<br><\/p>\n\n\n\n<div class=\"wp-block-image\"><figure class=\"aligncenter\"><img decoding=\"async\" src=\"https:\/\/lh4.googleusercontent.com\/9-XLTqI32gX106557LP9o4zDWeh0b1nApnTmPnn648ftSo3JPJrPqlwiIr_qFy6yhunpNsIttupZTiHDl9TPMM_YrgySkb4ntYjotNdpNRs765lUxeRcfqB3hP2Hv-HxA9kwvkB6Z6rhP3fy-Q\" alt=\"\"\/><\/figure><\/div>\n\n\n\n<p class=\"wp-block-paragraph\"><\/p>\n\n\n\n<p class=\"wp-block-paragraph\">Praktick\u00e9 oble\u010den\u00ed<\/p>\n\n\n\n<p class=\"wp-block-paragraph\">Pro oble\u010den\u00ed na prakti\u010dnost se d\u00edv\u00e1me m\u00e1lokdy. Je to proto, \u017ee chceme, abychom vypadaly stylov\u011b a modern\u011b a to se n\u011bkdy nese iv duchu neprakti\u010dnosti, kterou jsme v tomto p\u0159\u00edpad\u011b ochotni akceptovat. Ale na druh\u00e9 stran\u011b, iv t\u00e9to oblasti hled\u00e1me n\u011bjak\u00e9 praktick\u00e9 v\u011bci. Jsou to hlavn\u011b v\u011bci, kter\u00e9 chceme, aby n\u00e1m vydr\u017eely v\u00edce ne\u017e jednu sez\u00f3nu, tedy investujeme do nich. Jde hlavn\u011b o praktick\u00e9 boty, kter\u00e9 pot\u0159ebujeme v tomto p\u0159\u00edpad\u011b takov\u00e9, kter\u00e9 jsou pohodln\u00e9. Pokud s\u00e1hneme po n\u011bjak\u00fdch stylov\u00fdch modern\u00edch bot\u00e1ch na jednu sez\u00f3nu, tam na prakti\u010dnost nehled\u00edme t\u00e9m\u011b\u0159 v\u016fbec, tedy ani n\u011bjak\u00e1 v\u00fdrazn\u00e1 investice nep\u0159ipadaj\u00ed v \u00favahu.<br><\/p>\n\n\n\n<figure class=\"wp-block-image\"><img decoding=\"async\" src=\"https:\/\/lh6.googleusercontent.com\/5q_ZQTRTZD-uXKRIV-pCsJW8vMtOen7g3x7TtaFLveHPVBooeGxiXcA_b5I_ETlHiI83_9LbNNNC8iB9mZZd-MLJGJ2XP2tSlpD2RTYEGDX5Wt0esO8D-vVAtwCsqkrRud-1DsLALwDgXgqMSw\" alt=\"\"\/><\/figure>\n\n\n\n<p class=\"wp-block-paragraph\">Tak\u00e9 hled\u00e1me i praktick\u00e9 <a href=\"https:\/\/www.emotys.cz\/kozene-kabelky\/\"><strong>ko\u017een\u00e9 kabelky<\/strong><\/a>. Je to proto, \u017ee je ka\u017ed\u00fd jeden den nos\u00edme v rukou a pot\u0159ebujeme m\u00edt v takov\u00e9 ko\u017een\u00e9 kabelce i po\u0159\u00e1dn\u00fd p\u0159ehled, proto\u017ee pak ztr\u00e1c\u00edme \u010das n\u011bjak\u00fdm hled\u00e1n\u00edm. Ide\u00e1ln\u00ed jsou <a href=\"https:\/\/www.emotys.cz\/kozene-kabelky\/\"><strong>ko\u017een\u00e9 kabelky<\/strong><\/a> s v\u00edce vnit\u0159n\u00edmi komorami, tak\u00e9 je ide\u00e1ln\u00ed, pokud disponuj\u00ed n\u011bjak\u00fdmi extra kapsami. Takto si m\u016f\u017eeme v na\u0161\u00ed <a href=\"https:\/\/www.emotys.cz\/kozene-kabelky\/\"><strong>ko\u017een\u00e9 kabelce<\/strong><\/a> ud\u011blat dokonal\u00fd p\u0159ehled o tom, co v n\u00ed m\u00e1me.<br><\/p>\n\n\n\n<figure class=\"wp-block-image\"><img decoding=\"async\" src=\"https:\/\/lh3.googleusercontent.com\/NTr_XgMHPel8d4L9gAFm3P9-g3lb9P9m4Xz_-1B3f1YZqV7KnmiI8Kfi6Bk6TlpKL6MDxa6AsYGlfk0lcJ78rRbhP4k3pWm-DFXtg38Qwnippxd_1UcVU1SS_80YiQvUxHbC5b-wKGiTLo0jkQ\" alt=\"\"\/><\/figure>\n\n\n\n<p class=\"wp-block-paragraph\"><\/p>\n\n\n\n<p class=\"wp-block-paragraph\">Praktick\u00fdch v\u011bc\u00ed nen\u00ed nikdy dost. Proto je d\u016fle\u017eit\u00e9 obklopovat n\u00e1\u0161 \u017eivot hlavn\u011b praktick\u00fdmi v\u011bcmi, proto\u017ee takov\u00e9 v\u011bci n\u00e1\u0161 \u017eivot usnad\u0148uj\u00ed a zbyte\u010dn\u011b ho nekomplikuj\u00ed.<br><\/p>\n\n\n\n<p class=\"wp-block-paragraph\">Zdroj obr\u00e1zk\u016f: www.google.cz<br><\/p>\n","protected":false},"excerpt":{"rendered":"<p>Sou\u010dasn\u00fd kolob\u011bh \u017eivota je usp\u011bchan\u00fd, n\u011bkte\u0159\u00ed tvrd\u00ed, \u017ee n\u00e1ro\u010dn\u011bj\u0161\u00ed ne\u017e kdysi, jin\u00ed si ho zase pochvaluj\u00ed. V\u0161e v\u0161ak z\u00e1le\u017e\u00ed od trendu a \u017eivotn\u00edho stylu, kter\u00fd preferujete. N\u011bkdo si \u017eivot u\u017e\u00edv\u00e1 pln\u00fdmi dou\u0161ky a n\u011bkdo naopak neust\u00e1le muml\u00e1, jak\u00e1 t\u011b\u017ek\u00e1 doba je. S t\u00edm tak\u00e9 souvis\u00ed v\u00fdb\u011br v\u011bc\u00ed, kter\u00e9 pot\u0159ebujeme k na\u0161emu \u017eivotu. V tomto obdob\u00ed [&hellip;]<\/p>\n","protected":false},"author":1,"featured_media":20555,"comment_status":"closed","ping_status":"open","sticky":false,"template":"","format":"standard","meta":{"_sitemap_exclude":false,"_sitemap_priority":"","_sitemap_frequency":"","tdm_status":"","tdm_grid_status":"","footnotes":""},"categories":[7],"tags":[],"class_list":["post-20554","post","type-post","status-publish","format-standard","has-post-thumbnail","category-pro-zeny"],"amp_enabled":false,"_links":{"self":[{"href":"https:\/\/e-zena.cz\/index.php?rest_route=\/wp\/v2\/posts\/20554","targetHints":{"allow":["GET"]}}],"collection":[{"href":"https:\/\/e-zena.cz\/index.php?rest_route=\/wp\/v2\/posts"}],"about":[{"href":"https:\/\/e-zena.cz\/index.php?rest_route=\/wp\/v2\/types\/post"}],"author":[{"embeddable":true,"href":"https:\/\/e-zena.cz\/index.php?rest_route=\/wp\/v2\/users\/1"}],"replies":[{"embeddable":true,"href":"https:\/\/e-zena.cz\/index.php?rest_route=%2Fwp%2Fv2%2Fcomments&post=20554"}],"version-history":[{"count":0,"href":"https:\/\/e-zena.cz\/index.php?rest_route=\/wp\/v2\/posts\/20554\/revisions"}],"wp:featuredmedia":[{"embeddable":true,"href":"https:\/\/e-zena.cz\/index.php?rest_route=\/wp\/v2\/media\/20555"}],"wp:attachment":[{"href":"https:\/\/e-zena.cz\/index.php?rest_route=%2Fwp%2Fv2%2Fmedia&parent=20554"}],"wp:term":[{"taxonomy":"category","embeddable":true,"href":"https:\/\/e-zena.cz\/index.php?rest_route=%2Fwp%2Fv2%2Fcategories&post=20554"},{"taxonomy":"post_tag","embeddable":true,"href":"https:\/\/e-zena.cz\/index.php?rest_route=%2Fwp%2Fv2%2Ftags&post=20554"}],"curies":[{"name":"wp","href":"https:\/\/api.w.org\/{rel}","templated":true}]}}