{"id":19114,"date":"2018-08-05T13:58:09","date_gmt":"2018-08-05T12:58:09","guid":{"rendered":"https:\/\/e-zena.cz\/?p=19114"},"modified":"2018-08-05T13:58:09","modified_gmt":"2018-08-05T12:58:09","slug":"led-zarovky-svetelne-zdroje-i-pro-vasi-domacnost","status":"publish","type":"post","link":"https:\/\/e-zena.cz\/?p=19114","title":{"rendered":"LED \u017e\u00e1rovky &#8211; sv\u011bteln\u00e9 zdroje i pro va\u0161i dom\u00e1cnost"},"content":{"rendered":"<p><span style=\"font-weight: 400;\">Vzhledem k tomu, \u017ee klasick\u00e9 \u017e\u00e1rovky s wolframov\u00fdm vl\u00e1knem se ji\u017e nevyr\u00e1b\u011bj\u00ed a trh ovl\u00e1dla \u00fasporn\u00e1 <\/span><span style=\"color: #0000ff;\"><a style=\"color: #0000ff;\" href=\"https:\/\/www.ledsviti.cz\/\"><b>LED sv\u00edtidla<\/b><\/a><\/span><span style=\"font-weight: 400;\"> a halogeny, je t\u0159eba se rozhodnout, jak\u00fd sv\u011bteln\u00fd zdroj do dom\u00e1cnosti po\u0159\u00eddit. V\u011bt\u0161inou v\u00edt\u011bz\u00ed <\/span><b>LED sv\u00edtidla<\/b><span style=\"font-weight: 400;\">. Z\u00e1le\u017e\u00ed zejm\u00e9na na tom, jakou intenzitu sv\u011btla po\u017eadujete. V\u017edy si v\u0161ak dob\u0159e prohl\u00e9dn\u011bte tvar a typ sv\u00edtidla, do kter\u00e9ho hodl\u00e1te zdroj sv\u011btla po\u0159\u00eddit! Pro\u010d? <\/span><\/p>\n<ul>\n<li style=\"font-weight: 400;\"><span style=\"font-weight: 400;\">M\u016f\u017ee se st\u00e1t, \u017ee omylem koup\u00edte \u0161ir\u0161\u00ed kulatou LED \u017e\u00e1rovku, kter\u00e1 se nevejde do sv\u00edtidla trubicov\u00e9ho tvaru. <\/span><\/li>\n<li style=\"font-weight: 400;\"><span style=\"font-weight: 400;\">Del\u0161\u00ed LED \u017e\u00e1rovka m\u016f\u017ee b\u00fdt zase probl\u00e9mem pro kulat\u00e9 kr\u00e1tk\u00e9 tvary sv\u00edtidel. <\/span><\/li>\n<\/ul>\n<p><b>Kde, jak a \u010d\u00edm sv\u00edtit? LED osv\u011btlen\u00edm!<\/b><\/p>\n<p><span style=\"font-weight: 400;\">Pokud budete m\u00edt v tomto ohledu jasno, dob\u0159e tak\u00e9 zva\u017ete, kam jak\u00e9 sv\u011btlo d\u00e1te. Je logick\u00e9, \u017ee nejv\u00edce sv\u011btla v dom\u00e1cnosti budete pot\u0159ebovat kolem kuchy\u0148sk\u00e9 linky a v bl\u00edzkosti ka\u017ed\u00e9 dal\u0161\u00ed pracovn\u00ed plochy. Proto krom\u011b LED lustru (centr\u00e1ln\u00edho z\u00e1v\u011bsn\u00e9ho sv\u00edtidla) instalujte tak\u00e9 bodovky nebo <\/span><span style=\"color: #0000ff;\"><a style=\"color: #0000ff;\" href=\"https:\/\/www.ledsviti.cz\/led-zarivky\/\"><b>LED z\u00e1\u0159ivky<\/b><\/a><\/span><span style=\"font-weight: 400;\"> s intenzivn\u011bj\u0161\u00ed sv\u00edtivost\u00ed. V lo\u017enici v\u00e1m ur\u010dit\u011b posta\u010d\u00ed m\u00e9n\u011b sv\u011btla, stejn\u011b jako v odpo\u010dinkov\u00e9m koutku. Zde m\u016f\u017eete vyu\u017e\u00edt velmi elegantn\u011b LED p\u00e1sky, leckde posta\u010d\u00ed i <\/span><b>LED nouzov\u00e1 osv\u011btlen\u00ed.<\/b><span style=\"font-weight: 400;\"> K p\u0159\u00edpadn\u00e9mu \u010dten\u00ed si po\u0159i\u010fte <\/span><b>LED sv\u00edtidlo<\/b><span style=\"font-weight: 400;\"> s vy\u0161\u0161\u00ed sv\u00edtivost\u00ed &#8211; nap\u0159\u00edklad \u00a0LED lampu.<\/span><\/p>\n<p><img loading=\"lazy\" decoding=\"async\" class=\"wp-image-19115  aligncenter\" src=\"https:\/\/e-zena.cz\/wp-content\/uploads\/2018\/08\/000.Chytr\u00e1-a-\u00fasporn\u00e1-sv\u011btla-modern\u00ed-doby.png\" alt=\"\" width=\"745\" height=\"289\" srcset=\"https:\/\/e-zena.cz\/wp-content\/uploads\/2018\/08\/000.Chytr\u00e1-a-\u00fasporn\u00e1-sv\u011btla-modern\u00ed-doby.png 1337w, https:\/\/e-zena.cz\/wp-content\/uploads\/2018\/08\/000.Chytr\u00e1-a-\u00fasporn\u00e1-sv\u011btla-modern\u00ed-doby-768x298.png 768w\" sizes=\"auto, (max-width: 745px) 100vw, 745px\" \/><\/p>\n<p><b>Dlouh\u00e1 \u017eivotnost LED \u017e\u00e1rovek dosud nebyla p\u0159ekon\u00e1na<\/b><\/p>\n<p><span style=\"font-weight: 400;\">A\u017e budete <\/span><b>LED reflektory, LED pracovn\u00ed sv\u011btla, <\/b><span style=\"color: #0000ff;\"><a style=\"color: #0000ff;\" href=\"https:\/\/www.ledsviti.cz\/led-verejne-osvetleni\/\"><b>LED ve\u0159ejn\u00e9 osv\u011btlen\u00ed<\/b><\/a><\/span><b>, LED pr\u016fmyslov\u00e9 osv\u011btlen\u00ed, LED panely, LED nouzov\u00e9 osv\u011btlen\u00ed <\/b><span style=\"font-weight: 400;\">a dal\u0161\u00ed LED zdroje vyb\u00edrat, v\u017edy pe\u010dliv\u011b sledujte jejich \u017eivotnost. O dlouh\u00e9 \u017eivotnosti se hovo\u0159\u00ed ji\u017e v p\u0159\u00edpad\u011b, \u017ee v\u00e1m m\u00e1 LED \u017e\u00e1rovka vydr\u017eet 15 000 hodin. Existuj\u00ed v\u0161ak tak\u00e9 LED \u017e\u00e1rovky s \u017eivotnost\u00ed 25 000 a\u017e 30 000 hodin. Vr\u00e1t\u00edme-li se zp\u011bt do b\u011b\u017en\u00e9 dom\u00e1cnosti, kde sv\u00edt\u00edme p\u0159ibli\u017en\u011b 3 hodiny denn\u011b (zpr\u016fm\u011brov\u00e1no), vydr\u017e\u00ed v\u00e1m tak takov\u00fd sv\u011bteln\u00fd zdroj 15 a\u017e 30 let. Nezna\u010dkov\u00e9 \u017e\u00e1rovky nikdy nekupujte. Jejich \u017eivotnost toti\u017e \u010dasto skon\u010d\u00ed p\u00e1r m\u011bs\u00edc\u016f pot\u00e9, co bylo mo\u017eno je reklamovat.<\/span><\/p>\n","protected":false},"excerpt":{"rendered":"<p>Vzhledem k tomu, \u017ee klasick\u00e9 \u017e\u00e1rovky s wolframov\u00fdm vl\u00e1knem se ji\u017e nevyr\u00e1b\u011bj\u00ed a trh ovl\u00e1dla \u00fasporn\u00e1 LED sv\u00edtidla a halogeny, je t\u0159eba se rozhodnout, jak\u00fd sv\u011bteln\u00fd zdroj do dom\u00e1cnosti po\u0159\u00eddit. V\u011bt\u0161inou v\u00edt\u011bz\u00ed LED sv\u00edtidla. Z\u00e1le\u017e\u00ed zejm\u00e9na na tom, jakou intenzitu sv\u011btla po\u017eadujete. V\u017edy si v\u0161ak dob\u0159e prohl\u00e9dn\u011bte tvar a typ sv\u00edtidla, do kter\u00e9ho hodl\u00e1te zdroj [&hellip;]<\/p>\n","protected":false},"author":1,"featured_media":19116,"comment_status":"closed","ping_status":"open","sticky":false,"template":"","format":"standard","meta":{"_sitemap_exclude":false,"_sitemap_priority":"","_sitemap_frequency":"","tdm_status":"","tdm_grid_status":"","footnotes":""},"categories":[3],"tags":[],"class_list":["post-19114","post","type-post","status-publish","format-standard","has-post-thumbnail","category-bydleni"],"amp_enabled":false,"_links":{"self":[{"href":"https:\/\/e-zena.cz\/index.php?rest_route=\/wp\/v2\/posts\/19114","targetHints":{"allow":["GET"]}}],"collection":[{"href":"https:\/\/e-zena.cz\/index.php?rest_route=\/wp\/v2\/posts"}],"about":[{"href":"https:\/\/e-zena.cz\/index.php?rest_route=\/wp\/v2\/types\/post"}],"author":[{"embeddable":true,"href":"https:\/\/e-zena.cz\/index.php?rest_route=\/wp\/v2\/users\/1"}],"replies":[{"embeddable":true,"href":"https:\/\/e-zena.cz\/index.php?rest_route=%2Fwp%2Fv2%2Fcomments&post=19114"}],"version-history":[{"count":0,"href":"https:\/\/e-zena.cz\/index.php?rest_route=\/wp\/v2\/posts\/19114\/revisions"}],"wp:featuredmedia":[{"embeddable":true,"href":"https:\/\/e-zena.cz\/index.php?rest_route=\/wp\/v2\/media\/19116"}],"wp:attachment":[{"href":"https:\/\/e-zena.cz\/index.php?rest_route=%2Fwp%2Fv2%2Fmedia&parent=19114"}],"wp:term":[{"taxonomy":"category","embeddable":true,"href":"https:\/\/e-zena.cz\/index.php?rest_route=%2Fwp%2Fv2%2Fcategories&post=19114"},{"taxonomy":"post_tag","embeddable":true,"href":"https:\/\/e-zena.cz\/index.php?rest_route=%2Fwp%2Fv2%2Ftags&post=19114"}],"curies":[{"name":"wp","href":"https:\/\/api.w.org\/{rel}","templated":true}]}}